{"id":1678,"date":"2014-05-09T12:31:51","date_gmt":"2014-05-09T16:31:51","guid":{"rendered":"http:\/\/www.colegiolatinocordillera.cl\/w3\/?p=1678"},"modified":"2014-05-22T12:05:28","modified_gmt":"2014-05-22T16:05:28","slug":"solidaridad-con-valparaiso","status":"publish","type":"post","link":"https:\/\/www.colegiolatinocordillera.cl\/w3\/2014\/05\/solidaridad-con-valparaiso\/","title":{"rendered":"Solidaridad con Valpara\u00edso"},"content":{"rendered":"<h1>Solidaridad con Valpara\u00edso<\/h1>\n<p><img loading=\"lazy\" decoding=\"async\" class=\"alignnone size-full wp-image-1742\" alt=\"\" src=\"http:\/\/www.colegiolatinocordillera.cl\/w3\/wp-content\/uploads\/2014\/05\/valpo_pagina1.gif\" width=\"650\" height=\"318\" \/><\/p>\n<p>&nbsp;<\/p>\n<p style=\"font-family: Arial, Helvetica, sans-serif; font-size: 16px; font-weight: bold;\">Estimado\/a apoderado\/a:<\/p>\n<p style=\"font-family: Arial, Helvetica, sans-serif; font-size: 14px;\">Debido a los incendios que han afectado recientemente a los habitantes de Valpara\u00edso, hemos organizado en conjunto con los estudiantes del nivel\u00a0 Jaqi, una nueva campa\u00f1a solidaria.<\/p>\n<p style=\"font-family: Arial, Helvetica, sans-serif; font-size: 14px;\">En esta oportunidad se requieren <b><span style=\"text-decoration: underline;\">distintos tipos de herramientas<\/span><\/b> que sirvan para la reconstrucci\u00f3n.\u00a0 Se pueden donar tambi\u00e9n carretillas, clavos, accesorios de seguridad y otros implementos para la construcci\u00f3n.<\/p>\n<p style=\"font-family: Arial, Helvetica, sans-serif; font-size: 14px;\">Las donaciones pueden entregarse en la Coordinaci\u00f3n de Trem\u00fan o Jaqi hasta el mi\u00e9rcoles 28 de mayo, para poder ordenarlos y clasificarlos; ya que ser\u00e1n enviados a Valpara\u00edso el d\u00eda s\u00e1bado 31 de mayo.<\/p>\n<p style=\"font-family: Arial, Helvetica, sans-serif; font-size: 14px;\">Saludos cordiales,<\/p>\n<p style=\"font-family: Arial, Helvetica, sans-serif; font-size: 14px;\">Co.De.Cu. \/\u00a0 Coordinaci\u00f3n Jaqi<\/p>\n<p>&nbsp;<\/p>\n<p>Estudiantes de Jaqi clasifican y distribuyen ayuda de la comunidad para\u00a0Valpara\u00edso.<\/p>\n<p><a href=\"https:\/\/picasaweb.google.com\/115230990244284157819\/SolidaridadValparaiso?authkey=Gv1sRgCKjXyNX7_4HuNA&amp;feat=email#\" target=\"_blank\"><img loading=\"lazy\" decoding=\"async\" class=\"alignnone size-full wp-image-1679\" alt=\"valparaiso\" src=\"http:\/\/www.colegiolatinocordillera.cl\/w3\/wp-content\/uploads\/2014\/05\/valparaiso.jpg\" width=\"650\" height=\"490\" srcset=\"https:\/\/www.colegiolatinocordillera.cl\/w3\/wp-content\/uploads\/2014\/05\/valparaiso.jpg 650w, https:\/\/www.colegiolatinocordillera.cl\/w3\/wp-content\/uploads\/2014\/05\/valparaiso-300x226.jpg 300w, https:\/\/www.colegiolatinocordillera.cl\/w3\/wp-content\/uploads\/2014\/05\/valparaiso-150x113.jpg 150w, https:\/\/www.colegiolatinocordillera.cl\/w3\/wp-content\/uploads\/2014\/05\/valparaiso-400x301.jpg 400w\" sizes=\"auto, (max-width: 650px) 100vw, 650px\" \/><\/a><\/p>\n<p><a href=\"https:\/\/picasaweb.google.com\/115230990244284157819\/SolidaridadValparaiso?authkey=Gv1sRgCKjXyNX7_4HuNA&amp;feat=email\" target=\"_blank\">Ver \u00e1lbum de fotos<\/a><\/p>\n","protected":false},"excerpt":{"rendered":"<p>Solidaridad con Valpara\u00edso &nbsp; Estimado\/a apoderado\/a: Debido a los incendios que han afectado recientemente a los habitantes de Valpara\u00edso, hemos organizado en conjunto con los estudiantes del nivel\u00a0 Jaqi, una&#8230;<\/p>\n","protected":false},"author":7,"featured_media":0,"comment_status":"closed","ping_status":"open","sticky":false,"template":"","format":"standard","meta":{"footnotes":""},"categories":[13],"tags":[],"class_list":["post-1678","post","type-post","status-publish","format-standard","hentry","category-archivo"],"_links":{"self":[{"href":"https:\/\/www.colegiolatinocordillera.cl\/w3\/wp-json\/wp\/v2\/posts\/1678","targetHints":{"allow":["GET"]}}],"collection":[{"href":"https:\/\/www.colegiolatinocordillera.cl\/w3\/wp-json\/wp\/v2\/posts"}],"about":[{"href":"https:\/\/www.colegiolatinocordillera.cl\/w3\/wp-json\/wp\/v2\/types\/post"}],"author":[{"embeddable":true,"href":"https:\/\/www.colegiolatinocordillera.cl\/w3\/wp-json\/wp\/v2\/users\/7"}],"replies":[{"embeddable":true,"href":"https:\/\/www.colegiolatinocordillera.cl\/w3\/wp-json\/wp\/v2\/comments?post=1678"}],"version-history":[{"count":7,"href":"https:\/\/www.colegiolatinocordillera.cl\/w3\/wp-json\/wp\/v2\/posts\/1678\/revisions"}],"predecessor-version":[{"id":1744,"href":"https:\/\/www.colegiolatinocordillera.cl\/w3\/wp-json\/wp\/v2\/posts\/1678\/revisions\/1744"}],"wp:attachment":[{"href":"https:\/\/www.colegiolatinocordillera.cl\/w3\/wp-json\/wp\/v2\/media?parent=1678"}],"wp:term":[{"taxonomy":"category","embeddable":true,"href":"https:\/\/www.colegiolatinocordillera.cl\/w3\/wp-json\/wp\/v2\/categories?post=1678"},{"taxonomy":"post_tag","embeddable":true,"href":"https:\/\/www.colegiolatinocordillera.cl\/w3\/wp-json\/wp\/v2\/tags?post=1678"}],"curies":[{"name":"wp","href":"https:\/\/api.w.org\/{rel}","templated":true}]}}