{"id":1761,"date":"2014-05-27T14:42:51","date_gmt":"2014-05-27T18:42:51","guid":{"rendered":"http:\/\/www.colegiolatinocordillera.cl\/w3\/?p=1761"},"modified":"2014-05-27T14:46:13","modified_gmt":"2014-05-27T18:46:13","slug":"escuela-para-padres-y-madres","status":"publish","type":"post","link":"https:\/\/www.colegiolatinocordillera.cl\/w3\/2014\/05\/escuela-para-padres-y-madres\/","title":{"rendered":"Escuela para Padres y Madres"},"content":{"rendered":"<p><a href=\"http:\/\/www.colegiolatinocordillera.cl\/w3\/wp-content\/uploads\/2014\/05\/esc_padres.jpg\"><img loading=\"lazy\" decoding=\"async\" class=\"alignnone size-full wp-image-1762\" alt=\"esc_padres\" src=\"http:\/\/www.colegiolatinocordillera.cl\/w3\/wp-content\/uploads\/2014\/05\/esc_padres.jpg\" width=\"650\" height=\"296\" srcset=\"https:\/\/www.colegiolatinocordillera.cl\/w3\/wp-content\/uploads\/2014\/05\/esc_padres.jpg 650w, https:\/\/www.colegiolatinocordillera.cl\/w3\/wp-content\/uploads\/2014\/05\/esc_padres-300x136.jpg 300w, https:\/\/www.colegiolatinocordillera.cl\/w3\/wp-content\/uploads\/2014\/05\/esc_padres-150x68.jpg 150w, https:\/\/www.colegiolatinocordillera.cl\/w3\/wp-content\/uploads\/2014\/05\/esc_padres-400x182.jpg 400w\" sizes=\"auto, (max-width: 650px) 100vw, 650px\" \/><\/a><\/p>\n<p>El s\u00e1bado 24 de Mayo realizamos la primera sesi\u00f3n de la Escuela para Padres y Madres de los cursos Medio Mayor Honu y Pre-KInder Pepeka.<\/p>\n<p>La segunda sesi\u00f3n se har\u00e1 el s\u00e1bado 31 de mayo entre las 10:00 y las 13:00 hrs.<\/p>\n<p>Fueron abordadas las tem\u00e1ticas siguientes:<\/p>\n<ul>\n<li>Etapas del Desarrollo del ni\u00f1o pre-escolar<\/li>\n<li>Temperamento y expresi\u00f3n emocional<\/li>\n<li>H\u00e1bitos de comida, sue\u00f1o y escolares.<\/li>\n<li>Manejo de dificultades (pataletas, normas y reglas)<\/li>\n<\/ul>\n<p>&nbsp;<\/p>\n<p style=\"font-family: Arial, Helvetica, sans-serif; font-size: 16px; color: #cc0033;\">Ac\u00e1 pueden revisar una\u00a0<a title=\"galeria\" href=\"https:\/\/plus.google.com\/u\/0\/photos\/117254309610999608670\/albums\/6017175685491840113?gpinv=AMIXal_i-DZKcBDFjOBxfHXV6hXDfWfMr6PXkAIPFh8m3KnDjVijccJf_O36eE6aAEwkUN5-Oj2a0CfMnUVQC-ToEanXZslcvcavOnU-Ygd7za7gnPMZxlU&amp;cfem=1\" target=\"_blank\">Galer\u00eda de fotos<\/a><\/p>\n","protected":false},"excerpt":{"rendered":"<p>El s\u00e1bado 24 de Mayo realizamos la primera sesi\u00f3n de la Escuela para Padres y Madres de los cursos Medio Mayor Honu y Pre-KInder Pepeka. La segunda sesi\u00f3n se har\u00e1&#8230;<\/p>\n","protected":false},"author":7,"featured_media":0,"comment_status":"closed","ping_status":"open","sticky":false,"template":"","format":"standard","meta":{"footnotes":""},"categories":[13],"tags":[],"class_list":["post-1761","post","type-post","status-publish","format-standard","hentry","category-archivo"],"_links":{"self":[{"href":"https:\/\/www.colegiolatinocordillera.cl\/w3\/wp-json\/wp\/v2\/posts\/1761","targetHints":{"allow":["GET"]}}],"collection":[{"href":"https:\/\/www.colegiolatinocordillera.cl\/w3\/wp-json\/wp\/v2\/posts"}],"about":[{"href":"https:\/\/www.colegiolatinocordillera.cl\/w3\/wp-json\/wp\/v2\/types\/post"}],"author":[{"embeddable":true,"href":"https:\/\/www.colegiolatinocordillera.cl\/w3\/wp-json\/wp\/v2\/users\/7"}],"replies":[{"embeddable":true,"href":"https:\/\/www.colegiolatinocordillera.cl\/w3\/wp-json\/wp\/v2\/comments?post=1761"}],"version-history":[{"count":1,"href":"https:\/\/www.colegiolatinocordillera.cl\/w3\/wp-json\/wp\/v2\/posts\/1761\/revisions"}],"predecessor-version":[{"id":1763,"href":"https:\/\/www.colegiolatinocordillera.cl\/w3\/wp-json\/wp\/v2\/posts\/1761\/revisions\/1763"}],"wp:attachment":[{"href":"https:\/\/www.colegiolatinocordillera.cl\/w3\/wp-json\/wp\/v2\/media?parent=1761"}],"wp:term":[{"taxonomy":"category","embeddable":true,"href":"https:\/\/www.colegiolatinocordillera.cl\/w3\/wp-json\/wp\/v2\/categories?post=1761"},{"taxonomy":"post_tag","embeddable":true,"href":"https:\/\/www.colegiolatinocordillera.cl\/w3\/wp-json\/wp\/v2\/tags?post=1761"}],"curies":[{"name":"wp","href":"https:\/\/api.w.org\/{rel}","templated":true}]}}