{"id":1841,"date":"2014-08-14T12:01:32","date_gmt":"2014-08-14T16:01:32","guid":{"rendered":"http:\/\/www.colegiolatinocordillera.cl\/w3\/?p=1841"},"modified":"2014-08-14T12:03:35","modified_gmt":"2014-08-14T16:03:35","slug":"senderismo","status":"publish","type":"post","link":"https:\/\/www.colegiolatinocordillera.cl\/w3\/2014\/08\/senderismo\/","title":{"rendered":"Senderismo"},"content":{"rendered":"<p style=\"font-family: Arial, Helvetica, sans-serif; font-size: 24px; font-weight: bold; color: #993366;\">Senderismo en el Colegio Latino Cordillera<\/p>\n<p>En el pasado mes de abril, iniciamos un programa de formaci\u00f3n de monitores para desarrollar la pr\u00e1ctica de senderismo. Para ello invitamos a estudiantes de 1\u00ba Medio, quienes se juntaron a trabajar con el profesor Pablo Potocnjak, encargado de esta actividad en el colegio.<br \/>\nA la fecha y despu\u00e9s de varias sesiones de taller y salidas a terreno, el grupo de monitores en formaci\u00f3n, culmin\u00f3 su etapa de preparaci\u00f3n con una salida por s\u00e1bado y domingo a la localidad de Los Molles, V Regi\u00f3n.<br \/>\nLa siguiente etapa es que este equipo invite y acompa\u00f1e a diferentes grupos de estudiantes a vivir esta experiencia de senderismo que tambi\u00e9n intentaremos extender a toda nuestra comunidad.<\/p>\n<p style=\"font-family: Arial, Helvetica, sans-serif; font-size: 16px; font-weight: bold; color: #990066;\">Adoptamos el t\u00e9rmino \u201csenderismo\u201d para perfilar de manera m\u00e1s precisa lo que pretendemos realizar. Si bien esta actividad comparte espacios, motivaciones, recursos materiales y t\u00e9cnicas de actividades deportivas y l\u00fadicas que tienen como marco fundamental el piedemonte y la monta\u00f1a propiamente tal, su particularidad es ser una actividad no competitiva, que se realiza sobre caminos demarcados y ubicados en el medio natural y cultural.<\/p>\n<p><a href=\"http:\/\/www.colegiolatinocordillera.cl\/w3\/wp-content\/uploads\/2014\/08\/senderismo-int.jpg\"><img loading=\"lazy\" decoding=\"async\" class=\"alignnone size-full wp-image-1842\" alt=\"senderismo-int\" src=\"http:\/\/www.colegiolatinocordillera.cl\/w3\/wp-content\/uploads\/2014\/08\/senderismo-int.jpg\" width=\"650\" height=\"490\" srcset=\"https:\/\/www.colegiolatinocordillera.cl\/w3\/wp-content\/uploads\/2014\/08\/senderismo-int.jpg 650w, https:\/\/www.colegiolatinocordillera.cl\/w3\/wp-content\/uploads\/2014\/08\/senderismo-int-300x226.jpg 300w, https:\/\/www.colegiolatinocordillera.cl\/w3\/wp-content\/uploads\/2014\/08\/senderismo-int-150x113.jpg 150w, https:\/\/www.colegiolatinocordillera.cl\/w3\/wp-content\/uploads\/2014\/08\/senderismo-int-400x301.jpg 400w\" sizes=\"auto, (max-width: 650px) 100vw, 650px\" \/><\/a><\/p>\n<p>Inmersos como estamos en una cultura de lo instant\u00e1neo, de lo inmediato, de la prisa que no nos permite profundizar las vivencias obtenidas, en que las experiencias acaban marcadas por la superficialidad y la banalidad, proponemos una actividad en que la observaci\u00f3n cobre todo su sentido, como tambi\u00e9n el disfrute pausado de las experiencias alcanzadas. De la misma manera, buscamos superar el \u00e9nfasis en el desempe\u00f1o competitivo-individual, potenciando los proyectos colectivos-colaborativos<br \/>\nSe trata en definitiva de caminar para disfrutar observando, para descubrir nuevos territorios y apreciar su patrimonio cultural, para conocer y conocerse, para abordar en conjunto desaf\u00edos de manera creativa, grupal y solidaria.<\/p>\n","protected":false},"excerpt":{"rendered":"<p>Senderismo en el Colegio Latino Cordillera En el pasado mes de abril, iniciamos un programa de formaci\u00f3n de monitores para desarrollar la pr\u00e1ctica de senderismo. Para ello invitamos a estudiantes&#8230;<\/p>\n","protected":false},"author":7,"featured_media":0,"comment_status":"closed","ping_status":"open","sticky":false,"template":"","format":"standard","meta":{"footnotes":""},"categories":[13],"tags":[],"class_list":["post-1841","post","type-post","status-publish","format-standard","hentry","category-archivo"],"_links":{"self":[{"href":"https:\/\/www.colegiolatinocordillera.cl\/w3\/wp-json\/wp\/v2\/posts\/1841","targetHints":{"allow":["GET"]}}],"collection":[{"href":"https:\/\/www.colegiolatinocordillera.cl\/w3\/wp-json\/wp\/v2\/posts"}],"about":[{"href":"https:\/\/www.colegiolatinocordillera.cl\/w3\/wp-json\/wp\/v2\/types\/post"}],"author":[{"embeddable":true,"href":"https:\/\/www.colegiolatinocordillera.cl\/w3\/wp-json\/wp\/v2\/users\/7"}],"replies":[{"embeddable":true,"href":"https:\/\/www.colegiolatinocordillera.cl\/w3\/wp-json\/wp\/v2\/comments?post=1841"}],"version-history":[{"count":6,"href":"https:\/\/www.colegiolatinocordillera.cl\/w3\/wp-json\/wp\/v2\/posts\/1841\/revisions"}],"predecessor-version":[{"id":1849,"href":"https:\/\/www.colegiolatinocordillera.cl\/w3\/wp-json\/wp\/v2\/posts\/1841\/revisions\/1849"}],"wp:attachment":[{"href":"https:\/\/www.colegiolatinocordillera.cl\/w3\/wp-json\/wp\/v2\/media?parent=1841"}],"wp:term":[{"taxonomy":"category","embeddable":true,"href":"https:\/\/www.colegiolatinocordillera.cl\/w3\/wp-json\/wp\/v2\/categories?post=1841"},{"taxonomy":"post_tag","embeddable":true,"href":"https:\/\/www.colegiolatinocordillera.cl\/w3\/wp-json\/wp\/v2\/tags?post=1841"}],"curies":[{"name":"wp","href":"https:\/\/api.w.org\/{rel}","templated":true}]}}