{"id":1895,"date":"2014-09-26T12:31:42","date_gmt":"2014-09-26T16:31:42","guid":{"rendered":"http:\/\/www.colegiolatinocordillera.cl\/w3\/?p=1895"},"modified":"2014-09-26T17:10:51","modified_gmt":"2014-09-26T21:10:51","slug":"museo-vivo","status":"publish","type":"post","link":"https:\/\/www.colegiolatinocordillera.cl\/w3\/2014\/09\/museo-vivo\/","title":{"rendered":"Museo Vivo!"},"content":{"rendered":"<div><strong style=\"font-family: Arial, Helvetica, sans-serif; font-size: 16px; font-weight: bold; color: #cc3399;\">Septiembre siempre lo recibimos con paisajes de la historia.<\/strong><\/div>\n<div><\/div>\n<div><a href=\"https:\/\/plus.google.com\/photos\/117254309610999608670\/albums\/6062332698523297377\/6062334401932853426?sort=1&amp;pid=6062334401932853426&amp;oid=117254309610999608670\"><img loading=\"lazy\" decoding=\"async\" class=\"alignnone size-full wp-image-1898\" alt=\"museo-int\" src=\"http:\/\/www.colegiolatinocordillera.cl\/w3\/wp-content\/uploads\/2014\/09\/museo-int.jpg\" width=\"650\" height=\"490\" srcset=\"https:\/\/www.colegiolatinocordillera.cl\/w3\/wp-content\/uploads\/2014\/09\/museo-int.jpg 650w, https:\/\/www.colegiolatinocordillera.cl\/w3\/wp-content\/uploads\/2014\/09\/museo-int-300x226.jpg 300w, https:\/\/www.colegiolatinocordillera.cl\/w3\/wp-content\/uploads\/2014\/09\/museo-int-150x113.jpg 150w, https:\/\/www.colegiolatinocordillera.cl\/w3\/wp-content\/uploads\/2014\/09\/museo-int-400x301.jpg 400w\" sizes=\"auto, (max-width: 650px) 100vw, 650px\" \/><\/a><\/div>\n<div><\/div>\n<div><\/div>\n<div>Trem\u00fcn nos lleva a viajar por el tiempo, por la geograf\u00eda, por hechos, causas y consecuencias.<\/div>\n<div>Cada curso se prepar\u00f3, se visti\u00f3 y dio a conocer alg\u00fan cap\u00edtulo de ella en nuestro Museo Vivo.<\/div>\n<div><\/div>\n<div>Los temas trabajados en cada curso son los siguientes:<\/div>\n<div>Primeros: Los oficios<\/div>\n<div>Segundos: Pueblos originarios<\/div>\n<div>Terceros: Roma<\/div>\n<div>Cuartos: Aztecas, Mayas,Incas<\/div>\n<div>Quintos: La Colonia<\/div>\n<div>Sextos: Presentaron \u00c9pocas (Latifundio y salitreras) y Eventos (Guerra del Pac\u00edfico y Pacificaci\u00f3n de La Araucan\u00eda)<\/div>\n<div><\/div>\n<div style=\"font-family: Arial, Helvetica, sans-serif; font-size: 16px; font-weight: bold;\"><a href=\"https:\/\/plus.google.com\/photos\/117254309610999608670\/albums\/6062332698523297377?sort=1\">Vean las fotos en este enlace<\/a><\/div>\n","protected":false},"excerpt":{"rendered":"<p>Septiembre siempre lo recibimos con paisajes de la historia. Trem\u00fcn nos lleva a viajar por el tiempo, por la geograf\u00eda, por hechos, causas y consecuencias. Cada curso se prepar\u00f3, se&#8230;<\/p>\n","protected":false},"author":7,"featured_media":0,"comment_status":"closed","ping_status":"open","sticky":false,"template":"","format":"standard","meta":{"footnotes":""},"categories":[13],"tags":[],"class_list":["post-1895","post","type-post","status-publish","format-standard","hentry","category-archivo"],"_links":{"self":[{"href":"https:\/\/www.colegiolatinocordillera.cl\/w3\/wp-json\/wp\/v2\/posts\/1895","targetHints":{"allow":["GET"]}}],"collection":[{"href":"https:\/\/www.colegiolatinocordillera.cl\/w3\/wp-json\/wp\/v2\/posts"}],"about":[{"href":"https:\/\/www.colegiolatinocordillera.cl\/w3\/wp-json\/wp\/v2\/types\/post"}],"author":[{"embeddable":true,"href":"https:\/\/www.colegiolatinocordillera.cl\/w3\/wp-json\/wp\/v2\/users\/7"}],"replies":[{"embeddable":true,"href":"https:\/\/www.colegiolatinocordillera.cl\/w3\/wp-json\/wp\/v2\/comments?post=1895"}],"version-history":[{"count":5,"href":"https:\/\/www.colegiolatinocordillera.cl\/w3\/wp-json\/wp\/v2\/posts\/1895\/revisions"}],"predecessor-version":[{"id":1905,"href":"https:\/\/www.colegiolatinocordillera.cl\/w3\/wp-json\/wp\/v2\/posts\/1895\/revisions\/1905"}],"wp:attachment":[{"href":"https:\/\/www.colegiolatinocordillera.cl\/w3\/wp-json\/wp\/v2\/media?parent=1895"}],"wp:term":[{"taxonomy":"category","embeddable":true,"href":"https:\/\/www.colegiolatinocordillera.cl\/w3\/wp-json\/wp\/v2\/categories?post=1895"},{"taxonomy":"post_tag","embeddable":true,"href":"https:\/\/www.colegiolatinocordillera.cl\/w3\/wp-json\/wp\/v2\/tags?post=1895"}],"curies":[{"name":"wp","href":"https:\/\/api.w.org\/{rel}","templated":true}]}}