{"id":2029,"date":"2014-10-31T02:48:43","date_gmt":"2014-10-31T05:48:43","guid":{"rendered":"http:\/\/www.colegiolatinocordillera.cl\/w3\/?p=2029"},"modified":"2018-12-09T19:23:52","modified_gmt":"2018-12-09T22:23:52","slug":"18-chico-2","status":"publish","type":"post","link":"https:\/\/www.colegiolatinocordillera.cl\/w3\/2014\/10\/18-chico-2\/","title":{"rendered":"18 Chico"},"content":{"rendered":"<h1>18 Chico<\/h1>\n<p style=\"text-align: justify;\">Lleg\u00f3 la m\u00fasica y \u00a0el baile, no vinieron solos, se acompa\u00f1aron de pa\u00f1uelos, se movieron los sombreros y la danza marc\u00f3 el comp\u00e1s en un nuevo 18 Chico del \u00a0Latino Cordillera.<\/p>\n<p><img loading=\"lazy\" decoding=\"async\" class=\"aligncenter size-full wp-image-2032\" alt=\"18_01\" src=\"http:\/\/www.colegiolatinocordillera.cl\/w3\/wp-content\/uploads\/2014\/10\/18_01.jpg\" width=\"645\" height=\"333\" srcset=\"https:\/\/www.colegiolatinocordillera.cl\/w3\/wp-content\/uploads\/2014\/10\/18_01.jpg 645w, https:\/\/www.colegiolatinocordillera.cl\/w3\/wp-content\/uploads\/2014\/10\/18_01-300x154.jpg 300w, https:\/\/www.colegiolatinocordillera.cl\/w3\/wp-content\/uploads\/2014\/10\/18_01-150x77.jpg 150w, https:\/\/www.colegiolatinocordillera.cl\/w3\/wp-content\/uploads\/2014\/10\/18_01-400x206.jpg 400w\" sizes=\"auto, (max-width: 645px) 100vw, 645px\" \/><br \/>\n<img loading=\"lazy\" decoding=\"async\" class=\"aligncenter size-full wp-image-2033\" alt=\"18_02\" src=\"http:\/\/www.colegiolatinocordillera.cl\/w3\/wp-content\/uploads\/2014\/10\/18_02.jpg\" width=\"645\" height=\"333\" srcset=\"https:\/\/www.colegiolatinocordillera.cl\/w3\/wp-content\/uploads\/2014\/10\/18_02.jpg 645w, https:\/\/www.colegiolatinocordillera.cl\/w3\/wp-content\/uploads\/2014\/10\/18_02-300x154.jpg 300w, https:\/\/www.colegiolatinocordillera.cl\/w3\/wp-content\/uploads\/2014\/10\/18_02-150x77.jpg 150w, https:\/\/www.colegiolatinocordillera.cl\/w3\/wp-content\/uploads\/2014\/10\/18_02-400x206.jpg 400w\" sizes=\"auto, (max-width: 645px) 100vw, 645px\" \/><br \/>\n<img loading=\"lazy\" decoding=\"async\" class=\"aligncenter size-full wp-image-2034\" alt=\"18_03\" src=\"http:\/\/www.colegiolatinocordillera.cl\/w3\/wp-content\/uploads\/2014\/10\/18_03.jpg\" width=\"645\" height=\"333\" srcset=\"https:\/\/www.colegiolatinocordillera.cl\/w3\/wp-content\/uploads\/2014\/10\/18_03.jpg 645w, https:\/\/www.colegiolatinocordillera.cl\/w3\/wp-content\/uploads\/2014\/10\/18_03-300x154.jpg 300w, https:\/\/www.colegiolatinocordillera.cl\/w3\/wp-content\/uploads\/2014\/10\/18_03-150x77.jpg 150w, https:\/\/www.colegiolatinocordillera.cl\/w3\/wp-content\/uploads\/2014\/10\/18_03-400x206.jpg 400w\" sizes=\"auto, (max-width: 645px) 100vw, 645px\" \/><\/p>\n<p style=\"text-align: center;\"><a href=\"https:\/\/plus.google.com\/photos\/117254309610999608670\/albums\/6072257834566636353?authkey=CPTs5OiYlLfx8gE\" target=\"_blank\">Ver galer\u00eda de fotos aqu\u00ed<\/a><\/p>\n","protected":false},"excerpt":{"rendered":"<p>18 Chico Lleg\u00f3 la m\u00fasica y \u00a0el baile, no vinieron solos, se acompa\u00f1aron de pa\u00f1uelos, se movieron los sombreros y la danza marc\u00f3 el comp\u00e1s en un nuevo 18 Chico&#8230;<\/p>\n","protected":false},"author":7,"featured_media":0,"comment_status":"closed","ping_status":"open","sticky":false,"template":"","format":"standard","meta":{"footnotes":""},"categories":[13],"tags":[],"class_list":["post-2029","post","type-post","status-publish","format-standard","hentry","category-archivo"],"_links":{"self":[{"href":"https:\/\/www.colegiolatinocordillera.cl\/w3\/wp-json\/wp\/v2\/posts\/2029","targetHints":{"allow":["GET"]}}],"collection":[{"href":"https:\/\/www.colegiolatinocordillera.cl\/w3\/wp-json\/wp\/v2\/posts"}],"about":[{"href":"https:\/\/www.colegiolatinocordillera.cl\/w3\/wp-json\/wp\/v2\/types\/post"}],"author":[{"embeddable":true,"href":"https:\/\/www.colegiolatinocordillera.cl\/w3\/wp-json\/wp\/v2\/users\/7"}],"replies":[{"embeddable":true,"href":"https:\/\/www.colegiolatinocordillera.cl\/w3\/wp-json\/wp\/v2\/comments?post=2029"}],"version-history":[{"count":2,"href":"https:\/\/www.colegiolatinocordillera.cl\/w3\/wp-json\/wp\/v2\/posts\/2029\/revisions"}],"predecessor-version":[{"id":2035,"href":"https:\/\/www.colegiolatinocordillera.cl\/w3\/wp-json\/wp\/v2\/posts\/2029\/revisions\/2035"}],"wp:attachment":[{"href":"https:\/\/www.colegiolatinocordillera.cl\/w3\/wp-json\/wp\/v2\/media?parent=2029"}],"wp:term":[{"taxonomy":"category","embeddable":true,"href":"https:\/\/www.colegiolatinocordillera.cl\/w3\/wp-json\/wp\/v2\/categories?post=2029"},{"taxonomy":"post_tag","embeddable":true,"href":"https:\/\/www.colegiolatinocordillera.cl\/w3\/wp-json\/wp\/v2\/tags?post=2029"}],"curies":[{"name":"wp","href":"https:\/\/api.w.org\/{rel}","templated":true}]}}