{"id":2336,"date":"2015-04-27T09:04:11","date_gmt":"2015-04-27T13:04:11","guid":{"rendered":"http:\/\/www.colegiolatinocordillera.cl\/w3\/?p=2336"},"modified":"2018-12-09T19:23:51","modified_gmt":"2018-12-09T22:23:51","slug":"dia-del-libro-en-napoki","status":"publish","type":"post","link":"https:\/\/www.colegiolatinocordillera.cl\/w3\/2015\/04\/dia-del-libro-en-napoki\/","title":{"rendered":"Galer\u00eda D\u00eda del Libro en Napoki"},"content":{"rendered":"<h1>Galer\u00eda D\u00eda del Libro en Napoki<\/h1>\n<p><a title=\"&gt;&gt; visitar galer\u00eda\" a href=\"https:\/\/plus.google.com\/photos\/117254309610999608670\/albums\/6142014731523055281?authkey=CLGp3-3HoZSQygEhttp:\/\/\"><img loading=\"lazy\" decoding=\"async\" class=\"aligncenter size-full wp-image-2441\" alt=\"\" src=\"http:\/\/www.colegiolatinocordillera.cl\/w3\/wp-content\/uploads\/2015\/04\/ferialibro.png\" width=\"514\" height=\"389\" srcset=\"https:\/\/www.colegiolatinocordillera.cl\/w3\/wp-content\/uploads\/2015\/04\/ferialibro.png 514w, https:\/\/www.colegiolatinocordillera.cl\/w3\/wp-content\/uploads\/2015\/04\/ferialibro-300x227.png 300w, https:\/\/www.colegiolatinocordillera.cl\/w3\/wp-content\/uploads\/2015\/04\/ferialibro-150x113.png 150w, https:\/\/www.colegiolatinocordillera.cl\/w3\/wp-content\/uploads\/2015\/04\/ferialibro-400x302.png 400w\" sizes=\"auto, (max-width: 514px) 100vw, 514px\" \/><\/a><\/p>\n","protected":false},"excerpt":{"rendered":"<p>Galer\u00eda D\u00eda del Libro en Napoki<\/p>\n","protected":false},"author":7,"featured_media":0,"comment_status":"closed","ping_status":"open","sticky":false,"template":"","format":"standard","meta":{"footnotes":""},"categories":[13],"tags":[],"class_list":["post-2336","post","type-post","status-publish","format-standard","hentry","category-archivo"],"_links":{"self":[{"href":"https:\/\/www.colegiolatinocordillera.cl\/w3\/wp-json\/wp\/v2\/posts\/2336","targetHints":{"allow":["GET"]}}],"collection":[{"href":"https:\/\/www.colegiolatinocordillera.cl\/w3\/wp-json\/wp\/v2\/posts"}],"about":[{"href":"https:\/\/www.colegiolatinocordillera.cl\/w3\/wp-json\/wp\/v2\/types\/post"}],"author":[{"embeddable":true,"href":"https:\/\/www.colegiolatinocordillera.cl\/w3\/wp-json\/wp\/v2\/users\/7"}],"replies":[{"embeddable":true,"href":"https:\/\/www.colegiolatinocordillera.cl\/w3\/wp-json\/wp\/v2\/comments?post=2336"}],"version-history":[{"count":8,"href":"https:\/\/www.colegiolatinocordillera.cl\/w3\/wp-json\/wp\/v2\/posts\/2336\/revisions"}],"predecessor-version":[{"id":2444,"href":"https:\/\/www.colegiolatinocordillera.cl\/w3\/wp-json\/wp\/v2\/posts\/2336\/revisions\/2444"}],"wp:attachment":[{"href":"https:\/\/www.colegiolatinocordillera.cl\/w3\/wp-json\/wp\/v2\/media?parent=2336"}],"wp:term":[{"taxonomy":"category","embeddable":true,"href":"https:\/\/www.colegiolatinocordillera.cl\/w3\/wp-json\/wp\/v2\/categories?post=2336"},{"taxonomy":"post_tag","embeddable":true,"href":"https:\/\/www.colegiolatinocordillera.cl\/w3\/wp-json\/wp\/v2\/tags?post=2336"}],"curies":[{"name":"wp","href":"https:\/\/api.w.org\/{rel}","templated":true}]}}