{"id":2376,"date":"2015-05-21T12:45:58","date_gmt":"2015-05-21T16:45:58","guid":{"rendered":"http:\/\/www.colegiolatinocordillera.cl\/w3\/?p=2376"},"modified":"2018-12-09T19:23:51","modified_gmt":"2018-12-09T22:23:51","slug":"festival-de-teatro-tremun-2","status":"publish","type":"post","link":"https:\/\/www.colegiolatinocordillera.cl\/w3\/2015\/05\/festival-de-teatro-tremun-2\/","title":{"rendered":"Galer\u00eda Festival de Teatro Trem\u00fcn"},"content":{"rendered":"<h1>Galer\u00eda Festival de Teatro Trem\u00fcn<\/h1>\n<p>Durante la primera semana de Mayo se realiz\u00f3 nuestro ya cl\u00e1sico Festival de Teatro del nivel Trem\u00fcn. A continuaci\u00f3n les dejamos una galer\u00eda con todas las fotograf\u00edas del evento.<\/p>\n<p>&nbsp;<\/p>\n<p style=\"text-align: center;\"><a title=\"&gt;&gt; visitar galer\u00eda\" href=\"https:\/\/plus.google.com\/photos\/117254309610999608670\/albums\/6150301308186887425?authkey=CNqr-unEj9imngE\" target=\"_blank\"><img loading=\"lazy\" decoding=\"async\" class=\"aligncenter size-full wp-image-2377\" alt=\"fest2015\" src=\"http:\/\/www.colegiolatinocordillera.cl\/w3\/wp-content\/uploads\/2015\/05\/fest2015.png\" width=\"518\" height=\"391\" srcset=\"https:\/\/www.colegiolatinocordillera.cl\/w3\/wp-content\/uploads\/2015\/05\/fest2015.png 518w, https:\/\/www.colegiolatinocordillera.cl\/w3\/wp-content\/uploads\/2015\/05\/fest2015-300x226.png 300w, https:\/\/www.colegiolatinocordillera.cl\/w3\/wp-content\/uploads\/2015\/05\/fest2015-150x113.png 150w, https:\/\/www.colegiolatinocordillera.cl\/w3\/wp-content\/uploads\/2015\/05\/fest2015-400x301.png 400w\" sizes=\"auto, (max-width: 518px) 100vw, 518px\" \/><\/a><\/p>\n","protected":false},"excerpt":{"rendered":"<p>Galer\u00eda Festival de Teatro Trem\u00fcn Durante la primera semana de Mayo se realiz\u00f3 nuestro ya cl\u00e1sico Festival de Teatro del nivel Trem\u00fcn. A continuaci\u00f3n les dejamos una galer\u00eda con todas&#8230;<\/p>\n","protected":false},"author":7,"featured_media":0,"comment_status":"closed","ping_status":"open","sticky":false,"template":"","format":"standard","meta":{"footnotes":""},"categories":[13],"tags":[],"class_list":["post-2376","post","type-post","status-publish","format-standard","hentry","category-archivo"],"_links":{"self":[{"href":"https:\/\/www.colegiolatinocordillera.cl\/w3\/wp-json\/wp\/v2\/posts\/2376","targetHints":{"allow":["GET"]}}],"collection":[{"href":"https:\/\/www.colegiolatinocordillera.cl\/w3\/wp-json\/wp\/v2\/posts"}],"about":[{"href":"https:\/\/www.colegiolatinocordillera.cl\/w3\/wp-json\/wp\/v2\/types\/post"}],"author":[{"embeddable":true,"href":"https:\/\/www.colegiolatinocordillera.cl\/w3\/wp-json\/wp\/v2\/users\/7"}],"replies":[{"embeddable":true,"href":"https:\/\/www.colegiolatinocordillera.cl\/w3\/wp-json\/wp\/v2\/comments?post=2376"}],"version-history":[{"count":5,"href":"https:\/\/www.colegiolatinocordillera.cl\/w3\/wp-json\/wp\/v2\/posts\/2376\/revisions"}],"predecessor-version":[{"id":2445,"href":"https:\/\/www.colegiolatinocordillera.cl\/w3\/wp-json\/wp\/v2\/posts\/2376\/revisions\/2445"}],"wp:attachment":[{"href":"https:\/\/www.colegiolatinocordillera.cl\/w3\/wp-json\/wp\/v2\/media?parent=2376"}],"wp:term":[{"taxonomy":"category","embeddable":true,"href":"https:\/\/www.colegiolatinocordillera.cl\/w3\/wp-json\/wp\/v2\/categories?post=2376"},{"taxonomy":"post_tag","embeddable":true,"href":"https:\/\/www.colegiolatinocordillera.cl\/w3\/wp-json\/wp\/v2\/tags?post=2376"}],"curies":[{"name":"wp","href":"https:\/\/api.w.org\/{rel}","templated":true}]}}