{"id":2550,"date":"2015-10-20T21:09:58","date_gmt":"2015-10-21T00:09:58","guid":{"rendered":"http:\/\/www.colegiolatinocordillera.cl\/w3\/?p=2550"},"modified":"2018-12-09T19:23:51","modified_gmt":"2018-12-09T22:23:51","slug":"taller-de-senderismo-septimos-jaqi","status":"publish","type":"post","link":"https:\/\/www.colegiolatinocordillera.cl\/w3\/2015\/10\/taller-de-senderismo-septimos-jaqi\/","title":{"rendered":"Taller de Senderismo S\u00e9ptimos \/ Jaqi"},"content":{"rendered":"<div style=\"text-align: justify;\">\n<p>Desde hace un tiempo hemos estado desarrollando iniciativas para entusiasmar a los estudiantes de Jaqi en un taller de senderismo. Como ustedes saben, la vida al aire libre, las\u00a0caminatas\u00a0y las relaciones interpersonales que se construyen en esos contextos son parte importante de la formaci\u00f3n que pretendemos.<\/p>\n<\/div>\n<div style=\"text-align: justify;\">\n<p>En esta oportunidad estamos comenzando la formaci\u00f3n con estudiantes de los s\u00e9ptimos con el objetivo de ir consolidando un grupo m\u00e1s permanente que ejerza como monitores de caminatas y campamentos con compa\u00f1eros m\u00e1s peque\u00f1os.<\/p>\n<\/div>\n<div style=\"text-align: justify;\">\n<p>Este es un taller que pretende a trav\u00e9s del senderismo, conocer el entorno natural del Colegio y otros entornos, pero sobre todo desarrollar la capacidad de trabajar en grupo mediante el trazado metas colectivas que se alcanzan con el trabajo de todos y todas. Creemos que este es un espacio que potencia la l\u00ednea de trabajo de Orientaci\u00f3n y Tutor\u00eda y una oportunidad para generar nuevos aprendizaje y generaci\u00f3n de identidad.<\/p>\n<\/div>\n<div style=\"text-align: center;\"><a href=\"http:\/\/www.colegiolatinocordillera.cl\/w3\/wp-content\/uploads\/2015\/10\/senderismo_01.jpg\"><img loading=\"lazy\" decoding=\"async\" class=\"size-medium wp-image-2554 alignnone\" style=\"margin: 10px;\" alt=\"\" src=\"http:\/\/www.colegiolatinocordillera.cl\/w3\/wp-content\/uploads\/2015\/10\/senderismo_01-168x300.jpg\" width=\"168\" height=\"300\" srcset=\"https:\/\/www.colegiolatinocordillera.cl\/w3\/wp-content\/uploads\/2015\/10\/senderismo_01-168x300.jpg 168w, https:\/\/www.colegiolatinocordillera.cl\/w3\/wp-content\/uploads\/2015\/10\/senderismo_01-84x150.jpg 84w, https:\/\/www.colegiolatinocordillera.cl\/w3\/wp-content\/uploads\/2015\/10\/senderismo_01.jpg 371w\" sizes=\"auto, (max-width: 168px) 100vw, 168px\" \/><\/a><a href=\"http:\/\/www.colegiolatinocordillera.cl\/w3\/wp-content\/uploads\/2015\/10\/senderismo_02.jpg\"><img loading=\"lazy\" decoding=\"async\" class=\"size-medium wp-image-2555 alignnone\" style=\"margin: 10px;\" alt=\"\" src=\"http:\/\/www.colegiolatinocordillera.cl\/w3\/wp-content\/uploads\/2015\/10\/senderismo_02-168x300.jpg\" width=\"168\" height=\"300\" srcset=\"https:\/\/www.colegiolatinocordillera.cl\/w3\/wp-content\/uploads\/2015\/10\/senderismo_02-168x300.jpg 168w, https:\/\/www.colegiolatinocordillera.cl\/w3\/wp-content\/uploads\/2015\/10\/senderismo_02-84x150.jpg 84w, https:\/\/www.colegiolatinocordillera.cl\/w3\/wp-content\/uploads\/2015\/10\/senderismo_02.jpg 371w\" sizes=\"auto, (max-width: 168px) 100vw, 168px\" \/><\/a><a href=\"http:\/\/www.colegiolatinocordillera.cl\/w3\/wp-content\/uploads\/2015\/10\/senderismo_09.jpg\"><img loading=\"lazy\" decoding=\"async\" style=\"margin: 10px;\" alt=\"\" src=\"http:\/\/www.colegiolatinocordillera.cl\/w3\/wp-content\/uploads\/2015\/10\/senderismo_09-168x300.jpg\" width=\"168\" height=\"300\" \/><\/a><\/div>\n<div style=\"text-align: center;\"><a href=\"http:\/\/www.colegiolatinocordillera.cl\/w3\/wp-content\/uploads\/2015\/10\/senderismo_04.jpg\"><img loading=\"lazy\" decoding=\"async\" class=\"alignnone size-medium wp-image-2557\" style=\"margin: 10px;\" alt=\"\" src=\"http:\/\/www.colegiolatinocordillera.cl\/w3\/wp-content\/uploads\/2015\/10\/senderismo_04-300x168.jpg\" width=\"300\" height=\"168\" srcset=\"https:\/\/www.colegiolatinocordillera.cl\/w3\/wp-content\/uploads\/2015\/10\/senderismo_04-300x168.jpg 300w, https:\/\/www.colegiolatinocordillera.cl\/w3\/wp-content\/uploads\/2015\/10\/senderismo_04-150x84.jpg 150w, https:\/\/www.colegiolatinocordillera.cl\/w3\/wp-content\/uploads\/2015\/10\/senderismo_04-400x224.jpg 400w, https:\/\/www.colegiolatinocordillera.cl\/w3\/wp-content\/uploads\/2015\/10\/senderismo_04.jpg 660w\" sizes=\"auto, (max-width: 300px) 100vw, 300px\" \/><\/a><a href=\"http:\/\/www.colegiolatinocordillera.cl\/w3\/wp-content\/uploads\/2015\/10\/senderismo_03.jpg\"><img loading=\"lazy\" decoding=\"async\" class=\"alignnone size-medium wp-image-2558\" style=\"margin: 10px;\" alt=\"\" src=\"http:\/\/www.colegiolatinocordillera.cl\/w3\/wp-content\/uploads\/2015\/10\/senderismo_03-300x168.jpg\" width=\"300\" height=\"168\" \/><\/a><\/div>\n<div><\/div>\n<div style=\"text-align: center;\"><a href=\"http:\/\/www.colegiolatinocordillera.cl\/w3\/wp-content\/uploads\/2015\/10\/senderismo_06.jpg\"><img loading=\"lazy\" decoding=\"async\" class=\"alignnone size-medium wp-image-2559\" style=\"margin: 10px;\" alt=\"\" src=\"http:\/\/www.colegiolatinocordillera.cl\/w3\/wp-content\/uploads\/2015\/10\/senderismo_06-300x168.jpg\" width=\"300\" height=\"168\" srcset=\"https:\/\/www.colegiolatinocordillera.cl\/w3\/wp-content\/uploads\/2015\/10\/senderismo_06-300x168.jpg 300w, https:\/\/www.colegiolatinocordillera.cl\/w3\/wp-content\/uploads\/2015\/10\/senderismo_06-150x84.jpg 150w, https:\/\/www.colegiolatinocordillera.cl\/w3\/wp-content\/uploads\/2015\/10\/senderismo_06-400x224.jpg 400w, https:\/\/www.colegiolatinocordillera.cl\/w3\/wp-content\/uploads\/2015\/10\/senderismo_06.jpg 660w\" sizes=\"auto, (max-width: 300px) 100vw, 300px\" \/><\/a><a href=\"http:\/\/www.colegiolatinocordillera.cl\/w3\/wp-content\/uploads\/2015\/10\/senderismo_07.jpg\"><img loading=\"lazy\" decoding=\"async\" class=\"alignnone size-medium wp-image-2560\" style=\"margin: 10px;\" alt=\"\" src=\"http:\/\/www.colegiolatinocordillera.cl\/w3\/wp-content\/uploads\/2015\/10\/senderismo_07-300x168.jpg\" width=\"300\" height=\"168\" srcset=\"https:\/\/www.colegiolatinocordillera.cl\/w3\/wp-content\/uploads\/2015\/10\/senderismo_07-300x168.jpg 300w, https:\/\/www.colegiolatinocordillera.cl\/w3\/wp-content\/uploads\/2015\/10\/senderismo_07-150x84.jpg 150w, https:\/\/www.colegiolatinocordillera.cl\/w3\/wp-content\/uploads\/2015\/10\/senderismo_07-400x224.jpg 400w, https:\/\/www.colegiolatinocordillera.cl\/w3\/wp-content\/uploads\/2015\/10\/senderismo_07.jpg 660w\" sizes=\"auto, (max-width: 300px) 100vw, 300px\" \/><\/a><\/div>\n<div><\/div>\n<div style=\"text-align: center;\"><a href=\"http:\/\/www.colegiolatinocordillera.cl\/w3\/wp-content\/uploads\/2015\/10\/senderismo_08.jpg\"><img loading=\"lazy\" decoding=\"async\" class=\"alignnone size-medium wp-image-2561\" style=\"margin: 10px;\" alt=\"\" src=\"http:\/\/www.colegiolatinocordillera.cl\/w3\/wp-content\/uploads\/2015\/10\/senderismo_08-300x168.jpg\" width=\"300\" height=\"168\" srcset=\"https:\/\/www.colegiolatinocordillera.cl\/w3\/wp-content\/uploads\/2015\/10\/senderismo_08-300x168.jpg 300w, https:\/\/www.colegiolatinocordillera.cl\/w3\/wp-content\/uploads\/2015\/10\/senderismo_08-150x84.jpg 150w, https:\/\/www.colegiolatinocordillera.cl\/w3\/wp-content\/uploads\/2015\/10\/senderismo_08-400x224.jpg 400w, https:\/\/www.colegiolatinocordillera.cl\/w3\/wp-content\/uploads\/2015\/10\/senderismo_08.jpg 660w\" sizes=\"auto, (max-width: 300px) 100vw, 300px\" \/><\/a><a href=\"http:\/\/www.colegiolatinocordillera.cl\/w3\/wp-content\/uploads\/2015\/10\/senderismo_05.jpg\"><img loading=\"lazy\" decoding=\"async\" style=\"margin: 10px;\" alt=\"\" src=\"http:\/\/www.colegiolatinocordillera.cl\/w3\/wp-content\/uploads\/2015\/10\/senderismo_05-300x168.jpg\" width=\"300\" height=\"168\" \/><\/a><\/div>\n<div>\n<p>&nbsp;<\/p>\n<p>Comentario pap\u00e1:<\/p>\n<p style=\"text-align: justify;\">La salida estuvo muy bien. La convocatoria algo floja, pero sin duda ir\u00e1 mejorando para las pr\u00f3ximas ocasiones. Para ser una primera salida, considero que la duraci\u00f3n fue \u00f3ptima y la llegada no pudo ser m\u00e1s puntual. El lugar elegido, perfecto, m\u00e1s si asumimos que es la extensi\u00f3n natural del patio del colegio.<br \/>\nLas actividades realizadas sin duda significativas. Los chicos y chicas que asistieron a la caminata y por cierto me incluyo, aprendimos mucho de las charlas y el conocimiento que Pablo transmite durante el trayecto. La motivaci\u00f3n que mostraban al tomar fotos de l\u00edquenes, musgos, flores, plantas, helechos lo reflejan.<br \/>\nMaty y yo redescubrirnos la Quebrada a partir de ese conocimiento.<br \/>\nS\u00f3lo resta alentar estas iniciativas para que dejemos de darle la espalda a nuestras monta\u00f1as y m\u00e1s chicos, chicas, pap\u00e1s y mam\u00e1s se animen en las pr\u00f3ximas versiones.<\/p>\n<p>Felicitaciones y favor has extensivo mi agradecimiento al colegio por el apoyo a un taller de este tipo.<\/p>\n<p>Un abrazo,<br \/>\nCarlos<br \/>\nPap\u00e1 de Matias Lillo<\/p>\n<p>Comentarios estudiantes:<\/p>\n<p style=\"text-align: justify;\">La salida estuvo muy buena, pero se nos hizo corta. Aprendimos cosas nuevas e interesantes sobre la naturaleza del lugar. Hab\u00eda mucha gente caminando por la Quebrada!<br \/>\nPensamos que ser\u00eda muy bueno que m\u00e1s compa\u00f1eros participaran, a veces uno va sin ninguna expectativa y descubre que es muy entretenido.<\/p>\n<p style=\"text-align: justify;\">Es importante ir mejorando el equipo que llevamos, saber qu\u00e9 zapatillas usar para caminar, el abrigo, la colaci\u00f3n. Creemos que podemos tomar decisiones en conjunto para repartirnos las cosas para comer.<\/p>\n<\/div>\n","protected":false},"excerpt":{"rendered":"<p>Desde hace un tiempo hemos estado desarrollando iniciativas para entusiasmar a los estudiantes de Jaqi en un taller de senderismo. Como ustedes saben, la vida al aire libre, las\u00a0caminatas\u00a0y las&#8230;<\/p>\n","protected":false},"author":7,"featured_media":0,"comment_status":"closed","ping_status":"open","sticky":false,"template":"","format":"standard","meta":{"footnotes":""},"categories":[13],"tags":[],"class_list":["post-2550","post","type-post","status-publish","format-standard","hentry","category-archivo"],"_links":{"self":[{"href":"https:\/\/www.colegiolatinocordillera.cl\/w3\/wp-json\/wp\/v2\/posts\/2550","targetHints":{"allow":["GET"]}}],"collection":[{"href":"https:\/\/www.colegiolatinocordillera.cl\/w3\/wp-json\/wp\/v2\/posts"}],"about":[{"href":"https:\/\/www.colegiolatinocordillera.cl\/w3\/wp-json\/wp\/v2\/types\/post"}],"author":[{"embeddable":true,"href":"https:\/\/www.colegiolatinocordillera.cl\/w3\/wp-json\/wp\/v2\/users\/7"}],"replies":[{"embeddable":true,"href":"https:\/\/www.colegiolatinocordillera.cl\/w3\/wp-json\/wp\/v2\/comments?post=2550"}],"version-history":[{"count":8,"href":"https:\/\/www.colegiolatinocordillera.cl\/w3\/wp-json\/wp\/v2\/posts\/2550\/revisions"}],"predecessor-version":[{"id":2603,"href":"https:\/\/www.colegiolatinocordillera.cl\/w3\/wp-json\/wp\/v2\/posts\/2550\/revisions\/2603"}],"wp:attachment":[{"href":"https:\/\/www.colegiolatinocordillera.cl\/w3\/wp-json\/wp\/v2\/media?parent=2550"}],"wp:term":[{"taxonomy":"category","embeddable":true,"href":"https:\/\/www.colegiolatinocordillera.cl\/w3\/wp-json\/wp\/v2\/categories?post=2550"},{"taxonomy":"post_tag","embeddable":true,"href":"https:\/\/www.colegiolatinocordillera.cl\/w3\/wp-json\/wp\/v2\/tags?post=2550"}],"curies":[{"name":"wp","href":"https:\/\/api.w.org\/{rel}","templated":true}]}}