{"id":2629,"date":"2015-12-18T17:42:55","date_gmt":"2015-12-18T20:42:55","guid":{"rendered":"http:\/\/www.colegiolatinocordillera.cl\/w3\/?p=2629"},"modified":"2015-12-22T13:00:51","modified_gmt":"2015-12-22T16:00:51","slug":"acto-final-%e2%80%a2-2015","status":"publish","type":"post","link":"https:\/\/www.colegiolatinocordillera.cl\/w3\/2015\/12\/acto-final-%e2%80%a2-2015\/","title":{"rendered":"Acto Final \u2022 2015"},"content":{"rendered":"<p><img loading=\"lazy\" decoding=\"async\" class=\"alignnone size-full wp-image-2639\" alt=\"vivir_juntos\" src=\"http:\/\/www.colegiolatinocordillera.cl\/w3\/wp-content\/uploads\/2015\/12\/vivir_juntos.jpg\" width=\"650\" height=\"560\" \/><\/p>\n<p style=\"font-family: 'Times New Roman', Times, serif;font-size: 24px;color: #006699;padding-right: 50px;padding-left: 50px\">Desde siempre, las mariposas, las golondrinas y los flamencos<\/p>\n<p style=\"font-family: 'Times New Roman', Times, serif;font-size: 24px;color: #006699;padding-right: 50px;padding-left: 50px\">vuelan huyendo del fr\u00edo a\u00f1o tras a\u00f1o, y nadan las ballenas<\/p>\n<p style=\"font-family: 'Times New Roman', Times, serif;font-size: 24px;color: #006699;padding-right: 50px;padding-left: 50px\">en busca de otro mar y las truchas en busca de su r\u00edo.<\/p>\n<p style=\"font-family: 'Times New Roman', Times, serif;font-size: 24px;color: #006699;padding-right: 50px;padding-left: 50px\">Ellos viajan miles de leguas, por los libres caminos del aire, el agua y la tierra.<\/p>\n<p style=\"font-family: 'Times New Roman', Times, serif;font-size: 24px;color: #006699;padding-right: 50px;padding-left: 50px\">No son libres, en cambio, los caminos del \u00e9xodo humano.<\/p>\n<p style=\"font-family: 'Times New Roman', Times, serif;font-size: 24px;color: #006699;padding-right: 50px;padding-left: 50px\">\n<p style=\"font-family: 'Times New Roman', Times, serif;font-size: 24px;color: #006699;padding-right: 50px;padding-left: 50px\"><em>Eduardo Galeano<\/em><\/p>\n<p style=\"font-family: 'Times New Roman', Times, serif;font-size: 24px;color: #006699;padding-right: 50px;padding-left: 50px\">\n<p style=\"font-family: 'Times New Roman', Times, serif;font-size: 24px;color: #006699;padding-right: 50px;padding-left: 50px\">\n<p style=\"font-family: 'Times New Roman', Times, serif;font-size: 24px;color: #006699;padding-right: 50px;padding-left: 50px\">\n<p style=\"font-family: Arial, Helvetica, sans-serif;font-size: 16px;color: #cc0099;text-decoration: underline;padding-right: 50px;padding-left: 50px\">\n<p style=\"font-family: Arial, Helvetica, sans-serif;font-size: 16px;color: #cc0099;text-decoration: underline;padding-right: 50px;padding-left: 50px\">\n<p style=\"font-family: Arial, Helvetica, sans-serif;font-size: 16px;color: #cc0099;text-decoration: underline;padding-right: 50px;padding-left: 50px\"><a href=\"https:\/\/picasaweb.google.com\/117254309610999608670\/ActoFinDeAno?authkey=Gv1sRgCO7O8IqKr8O_Iw\">Revisa las fotos ac\u00e1<\/a><\/p>\n<p style=\"font-family: 'Times New Roman', Times, serif;font-size: 24px;line-height: 10px;color: #0066cc;text-align: right;padding-left: 30px\">\n","protected":false},"excerpt":{"rendered":"<p>Desde siempre, las mariposas, las golondrinas y los flamencos vuelan huyendo del fr\u00edo a\u00f1o tras a\u00f1o, y nadan las ballenas en busca de otro mar y las truchas en busca&#8230;<\/p>\n","protected":false},"author":7,"featured_media":0,"comment_status":"closed","ping_status":"open","sticky":false,"template":"","format":"standard","meta":{"footnotes":""},"categories":[13],"tags":[],"class_list":["post-2629","post","type-post","status-publish","format-standard","hentry","category-archivo"],"_links":{"self":[{"href":"https:\/\/www.colegiolatinocordillera.cl\/w3\/wp-json\/wp\/v2\/posts\/2629","targetHints":{"allow":["GET"]}}],"collection":[{"href":"https:\/\/www.colegiolatinocordillera.cl\/w3\/wp-json\/wp\/v2\/posts"}],"about":[{"href":"https:\/\/www.colegiolatinocordillera.cl\/w3\/wp-json\/wp\/v2\/types\/post"}],"author":[{"embeddable":true,"href":"https:\/\/www.colegiolatinocordillera.cl\/w3\/wp-json\/wp\/v2\/users\/7"}],"replies":[{"embeddable":true,"href":"https:\/\/www.colegiolatinocordillera.cl\/w3\/wp-json\/wp\/v2\/comments?post=2629"}],"version-history":[{"count":12,"href":"https:\/\/www.colegiolatinocordillera.cl\/w3\/wp-json\/wp\/v2\/posts\/2629\/revisions"}],"predecessor-version":[{"id":2644,"href":"https:\/\/www.colegiolatinocordillera.cl\/w3\/wp-json\/wp\/v2\/posts\/2629\/revisions\/2644"}],"wp:attachment":[{"href":"https:\/\/www.colegiolatinocordillera.cl\/w3\/wp-json\/wp\/v2\/media?parent=2629"}],"wp:term":[{"taxonomy":"category","embeddable":true,"href":"https:\/\/www.colegiolatinocordillera.cl\/w3\/wp-json\/wp\/v2\/categories?post=2629"},{"taxonomy":"post_tag","embeddable":true,"href":"https:\/\/www.colegiolatinocordillera.cl\/w3\/wp-json\/wp\/v2\/tags?post=2629"}],"curies":[{"name":"wp","href":"https:\/\/api.w.org\/{rel}","templated":true}]}}