{"id":2686,"date":"2016-02-08T01:26:18","date_gmt":"2016-02-08T04:26:18","guid":{"rendered":"http:\/\/www.colegiolatinocordillera.cl\/w3\/?p=2686"},"modified":"2016-02-08T05:41:36","modified_gmt":"2016-02-08T08:41:36","slug":"avance-de-obras-2016","status":"publish","type":"post","link":"https:\/\/www.colegiolatinocordillera.cl\/w3\/2016\/02\/avance-de-obras-2016\/","title":{"rendered":"Avance de Obras 2016"},"content":{"rendered":"<img decoding=\"async\" title=\"Obras2016.JPG\" class=\"aligncenter size-full\"  alt=\"image\" src=\"http:\/\/www.colegiolatinocordillera.cl\/w3\/wp-content\/uploads\/2016\/02\/wpid-la-foto.jpg1.jpeg\" \/>\n<p>Con una superficie de 150 metros cuadrados, las obras en desarrollo est\u00e1n destinadas a la instalaci\u00f3n de una sala de M\u00fasica y Tecnolog\u00eda, una nueva sala de clases y la ampliaci\u00f3n de la actual sala de Arte.<\/p>\n","protected":false},"excerpt":{"rendered":"<p>Con una superficie de 150 metros cuadrados, las obras en desarrollo est\u00e1n destinadas a la instalaci\u00f3n de una sala de M\u00fasica y Tecnolog\u00eda, una nueva sala de clases y la&#8230;<\/p>\n","protected":false},"author":7,"featured_media":0,"comment_status":"closed","ping_status":"open","sticky":false,"template":"","format":"standard","meta":{"footnotes":""},"categories":[13],"tags":[],"class_list":["post-2686","post","type-post","status-publish","format-standard","hentry","category-archivo"],"_links":{"self":[{"href":"https:\/\/www.colegiolatinocordillera.cl\/w3\/wp-json\/wp\/v2\/posts\/2686","targetHints":{"allow":["GET"]}}],"collection":[{"href":"https:\/\/www.colegiolatinocordillera.cl\/w3\/wp-json\/wp\/v2\/posts"}],"about":[{"href":"https:\/\/www.colegiolatinocordillera.cl\/w3\/wp-json\/wp\/v2\/types\/post"}],"author":[{"embeddable":true,"href":"https:\/\/www.colegiolatinocordillera.cl\/w3\/wp-json\/wp\/v2\/users\/7"}],"replies":[{"embeddable":true,"href":"https:\/\/www.colegiolatinocordillera.cl\/w3\/wp-json\/wp\/v2\/comments?post=2686"}],"version-history":[{"count":5,"href":"https:\/\/www.colegiolatinocordillera.cl\/w3\/wp-json\/wp\/v2\/posts\/2686\/revisions"}],"predecessor-version":[{"id":2692,"href":"https:\/\/www.colegiolatinocordillera.cl\/w3\/wp-json\/wp\/v2\/posts\/2686\/revisions\/2692"}],"wp:attachment":[{"href":"https:\/\/www.colegiolatinocordillera.cl\/w3\/wp-json\/wp\/v2\/media?parent=2686"}],"wp:term":[{"taxonomy":"category","embeddable":true,"href":"https:\/\/www.colegiolatinocordillera.cl\/w3\/wp-json\/wp\/v2\/categories?post=2686"},{"taxonomy":"post_tag","embeddable":true,"href":"https:\/\/www.colegiolatinocordillera.cl\/w3\/wp-json\/wp\/v2\/tags?post=2686"}],"curies":[{"name":"wp","href":"https:\/\/api.w.org\/{rel}","templated":true}]}}