{"id":2974,"date":"2016-05-05T21:47:27","date_gmt":"2016-05-06T00:47:27","guid":{"rendered":"http:\/\/www.colegiolatinocordillera.cl\/w3\/?p=2974"},"modified":"2018-12-09T23:01:59","modified_gmt":"2018-12-10T02:01:59","slug":"festival-teatro-tremun-2016","status":"publish","type":"post","link":"https:\/\/www.colegiolatinocordillera.cl\/w3\/2016\/05\/festival-teatro-tremun-2016\/","title":{"rendered":"Festival Teatro Trem\u00fcn 2016"},"content":{"rendered":"<p>Esta semana se llev\u00f3 a cabo nuestro ya tradicional Festival de Teatro en Trem\u00fcn. El Festival de Teatro es parte esencial de nuestro programa de Lenguaje y Comunicaci\u00f3n.<\/p>\n<p>Durante esta actividad aprenden a:<!--more--><\/p>\n<div id=\"attachment_2990\" style=\"width: 410px\" class=\"wp-caption aligncenter\"><img loading=\"lazy\" decoding=\"async\" aria-describedby=\"caption-attachment-2990\" class=\"size-full wp-image-2990\" src=\"http:\/\/www.colegiolatinocordillera.cl\/w3\/wp-content\/uploads\/2016\/05\/cuento-a-guion.jpg\" alt=\"Convertir un cuento en obra\" width=\"400\" height=\"280\" srcset=\"https:\/\/www.colegiolatinocordillera.cl\/w3\/wp-content\/uploads\/2016\/05\/cuento-a-guion.jpg 400w, https:\/\/www.colegiolatinocordillera.cl\/w3\/wp-content\/uploads\/2016\/05\/cuento-a-guion-300x210.jpg 300w, https:\/\/www.colegiolatinocordillera.cl\/w3\/wp-content\/uploads\/2016\/05\/cuento-a-guion-150x105.jpg 150w\" sizes=\"auto, (max-width: 400px) 100vw, 400px\" \/><p id=\"caption-attachment-2990\" class=\"wp-caption-text\"><strong>Convertir un cuento en obra<\/strong><\/p><\/div>\n<div id=\"attachment_2991\" style=\"width: 410px\" class=\"wp-caption aligncenter\"><img loading=\"lazy\" decoding=\"async\" aria-describedby=\"caption-attachment-2991\" class=\"size-full wp-image-2991\" src=\"http:\/\/www.colegiolatinocordillera.cl\/w3\/wp-content\/uploads\/2016\/05\/invdialogos.jpg\" alt=\"Inventar di\u00e1logos\" width=\"400\" height=\"280\" srcset=\"https:\/\/www.colegiolatinocordillera.cl\/w3\/wp-content\/uploads\/2016\/05\/invdialogos.jpg 400w, https:\/\/www.colegiolatinocordillera.cl\/w3\/wp-content\/uploads\/2016\/05\/invdialogos-300x210.jpg 300w, https:\/\/www.colegiolatinocordillera.cl\/w3\/wp-content\/uploads\/2016\/05\/invdialogos-150x105.jpg 150w\" sizes=\"auto, (max-width: 400px) 100vw, 400px\" \/><p id=\"caption-attachment-2991\" class=\"wp-caption-text\"><strong>Inventar di\u00e1logos<\/strong><\/p><\/div>\n<div id=\"attachment_2992\" style=\"width: 410px\" class=\"wp-caption aligncenter\"><img loading=\"lazy\" decoding=\"async\" aria-describedby=\"caption-attachment-2992\" class=\"size-full wp-image-2992\" src=\"http:\/\/www.colegiolatinocordillera.cl\/w3\/wp-content\/uploads\/2016\/05\/acciones.jpg\" alt=\"Inventar acciones para comunicar\" width=\"400\" height=\"280\" srcset=\"https:\/\/www.colegiolatinocordillera.cl\/w3\/wp-content\/uploads\/2016\/05\/acciones.jpg 400w, https:\/\/www.colegiolatinocordillera.cl\/w3\/wp-content\/uploads\/2016\/05\/acciones-300x210.jpg 300w, https:\/\/www.colegiolatinocordillera.cl\/w3\/wp-content\/uploads\/2016\/05\/acciones-150x105.jpg 150w\" sizes=\"auto, (max-width: 400px) 100vw, 400px\" \/><p id=\"caption-attachment-2992\" class=\"wp-caption-text\"><strong>Inventar acciones para comunicar<\/strong><\/p><\/div>\n<div id=\"attachment_2994\" style=\"width: 410px\" class=\"wp-caption aligncenter\"><img loading=\"lazy\" decoding=\"async\" aria-describedby=\"caption-attachment-2994\" class=\"size-full wp-image-2994\" src=\"http:\/\/www.colegiolatinocordillera.cl\/w3\/wp-content\/uploads\/2016\/05\/ejercicios.jpg\" alt=\"Realizar ejercicios teatrales\" width=\"400\" height=\"280\" srcset=\"https:\/\/www.colegiolatinocordillera.cl\/w3\/wp-content\/uploads\/2016\/05\/ejercicios.jpg 400w, https:\/\/www.colegiolatinocordillera.cl\/w3\/wp-content\/uploads\/2016\/05\/ejercicios-300x210.jpg 300w, https:\/\/www.colegiolatinocordillera.cl\/w3\/wp-content\/uploads\/2016\/05\/ejercicios-150x105.jpg 150w\" sizes=\"auto, (max-width: 400px) 100vw, 400px\" \/><p id=\"caption-attachment-2994\" class=\"wp-caption-text\"><strong>Realizar ejercicios teatrales<\/strong><\/p><\/div>\n<div id=\"attachment_2995\" style=\"width: 410px\" class=\"wp-caption aligncenter\"><img loading=\"lazy\" decoding=\"async\" aria-describedby=\"caption-attachment-2995\" class=\"size-full wp-image-2995\" src=\"http:\/\/www.colegiolatinocordillera.cl\/w3\/wp-content\/uploads\/2016\/05\/vocabulario.jpg\" alt=\"Desarrollar vocabulario propio del Teatro\" width=\"400\" height=\"280\" srcset=\"https:\/\/www.colegiolatinocordillera.cl\/w3\/wp-content\/uploads\/2016\/05\/vocabulario.jpg 400w, https:\/\/www.colegiolatinocordillera.cl\/w3\/wp-content\/uploads\/2016\/05\/vocabulario-300x210.jpg 300w, https:\/\/www.colegiolatinocordillera.cl\/w3\/wp-content\/uploads\/2016\/05\/vocabulario-150x105.jpg 150w\" sizes=\"auto, (max-width: 400px) 100vw, 400px\" \/><p id=\"caption-attachment-2995\" class=\"wp-caption-text\"><strong>Desarrollar vocabulario propio del Teatro<\/strong><\/p><\/div>\n<div id=\"attachment_2996\" style=\"width: 610px\" class=\"wp-caption aligncenter\"><img loading=\"lazy\" decoding=\"async\" aria-describedby=\"caption-attachment-2996\" class=\"size-full wp-image-2996\" src=\"http:\/\/www.colegiolatinocordillera.cl\/w3\/wp-content\/uploads\/2016\/05\/saludos.jpg\" alt=\"Y transversalmente desarrollar el trabajo en equipo, conociendo y viviendo los roles de una Compa\u00f1\u00eda adem\u00e1s de disfrutar!!\" width=\"600\" height=\"215\" srcset=\"https:\/\/www.colegiolatinocordillera.cl\/w3\/wp-content\/uploads\/2016\/05\/saludos.jpg 600w, https:\/\/www.colegiolatinocordillera.cl\/w3\/wp-content\/uploads\/2016\/05\/saludos-300x107.jpg 300w, https:\/\/www.colegiolatinocordillera.cl\/w3\/wp-content\/uploads\/2016\/05\/saludos-150x53.jpg 150w, https:\/\/www.colegiolatinocordillera.cl\/w3\/wp-content\/uploads\/2016\/05\/saludos-400x143.jpg 400w\" sizes=\"auto, (max-width: 600px) 100vw, 600px\" \/><p id=\"caption-attachment-2996\" class=\"wp-caption-text\"><strong>Y transversalmente desarrollar el trabajo en equipo, conociendo y viviendo los roles de una Compa\u00f1\u00eda&#8230; adem\u00e1s de disfrutar!!<\/strong><\/p><\/div>\n<p>&nbsp;<\/p>\n<p>Galer\u00edas fotogr\u00e1ficas de cada jornada:<\/p>\n<p style=\"text-align: center;\"><strong>D\u00eda Martes 3 de mayo<\/strong><\/p>\n<div style=\"text-align: center;\">1\u00b0 Kongoy:&nbsp;<b>No puede ser peor \u00abfabula\u00bb<\/b><\/div>\n<div style=\"text-align: center;\">3\u00b0 Ma\u00f1ke:&nbsp;<b>\u00abLa Caja de Pandora\u00bb<\/b><\/div>\n<div style=\"text-align: center;\">4\u00b0 Willi\u00f1:&nbsp;<b>1535-1536 Primera expedici\u00f3n&nbsp;espa\u00f1ola a Chile&nbsp;<\/b><\/div>\n<div style=\"text-align: center;\">5\u00b0 Akori:&nbsp;<b>Comedia del Arte \u00abEl enfermo imaginario\u00bb<\/b><\/div>\n<p style=\"text-align: center;\"><a href=\"https:\/\/picasaweb.google.com\/117254309610999608670\/6281314687010266641?authuser=0&amp;authkey=Gv1sRgCMu82YaS3NWHmgE&amp;feat=directlink\" target=\"_blank\" rel=\"noopener\"><img loading=\"lazy\" decoding=\"async\" class=\"size-full wp-image-2975 aligncenter\" src=\"http:\/\/www.colegiolatinocordillera.cl\/w3\/wp-content\/uploads\/2016\/05\/Festival-de-Teatro-Tremun-dia-uno.png\" alt=\"Primera Jornada Festival de Teatro en Trem\u00fcn 2016\" width=\"438\" height=\"330\" srcset=\"https:\/\/www.colegiolatinocordillera.cl\/w3\/wp-content\/uploads\/2016\/05\/Festival-de-Teatro-Tremun-dia-uno.png 438w, https:\/\/www.colegiolatinocordillera.cl\/w3\/wp-content\/uploads\/2016\/05\/Festival-de-Teatro-Tremun-dia-uno-300x226.png 300w, https:\/\/www.colegiolatinocordillera.cl\/w3\/wp-content\/uploads\/2016\/05\/Festival-de-Teatro-Tremun-dia-uno-150x113.png 150w, https:\/\/www.colegiolatinocordillera.cl\/w3\/wp-content\/uploads\/2016\/05\/Festival-de-Teatro-Tremun-dia-uno-400x301.png 400w\" sizes=\"auto, (max-width: 438px) 100vw, 438px\" \/><\/a><\/p>\n<div class=\"espa30px\">&nbsp;<\/div>\n<p style=\"text-align: center;\"><strong>D\u00eda Mi\u00e9rcoles 4 de mayo<\/strong><\/p>\n<div style=\"text-align: center;\">1\u00b0Llingke:&nbsp;<b>El medio pollo \u00abfabula\u00bb<\/b><\/div>\n<div style=\"text-align: center;\">4\u00b0Pangui:&nbsp;<b>El viaje de Col\u00f3n<\/b><\/div>\n<div style=\"text-align: center;\">6tos: \u00ab<b>Macbeth\u00bb de Shakespeare<\/b><\/div>\n<p style=\"text-align: center;\"><a href=\"https:\/\/picasaweb.google.com\/117254309610999608670\/6281569595594616481?authuser=0&amp;authkey=Gv1sRgCKus5Y_A99SROg&amp;feat=directlink\" target=\"_blank\" rel=\"noopener\"><img loading=\"lazy\" decoding=\"async\" class=\"aligncenter size-full wp-image-2982\" src=\"http:\/\/www.colegiolatinocordillera.cl\/w3\/wp-content\/uploads\/2016\/05\/Festival-de-Teatro-Tremun-dia-dos.png\" alt=\"Festival de Teatro Tremun dia dos\" width=\"439\" height=\"331\" srcset=\"https:\/\/www.colegiolatinocordillera.cl\/w3\/wp-content\/uploads\/2016\/05\/Festival-de-Teatro-Tremun-dia-dos.png 439w, https:\/\/www.colegiolatinocordillera.cl\/w3\/wp-content\/uploads\/2016\/05\/Festival-de-Teatro-Tremun-dia-dos-300x226.png 300w, https:\/\/www.colegiolatinocordillera.cl\/w3\/wp-content\/uploads\/2016\/05\/Festival-de-Teatro-Tremun-dia-dos-150x113.png 150w, https:\/\/www.colegiolatinocordillera.cl\/w3\/wp-content\/uploads\/2016\/05\/Festival-de-Teatro-Tremun-dia-dos-400x301.png 400w\" sizes=\"auto, (max-width: 439px) 100vw, 439px\" \/><\/a><\/p>\n<div class=\"espa30px\">&nbsp;<\/div>\n<p style=\"text-align: center;\"><strong>D\u00eda Jueves 5 de mayo<\/strong><\/p>\n<div style=\"text-align: center;\"><span style=\"color: #000000;\">2\u00b0 Luan:&nbsp;<b>\u00abEl&nbsp;pr\u00edncipe&nbsp;no duerme\u00bb<\/b><\/span><\/div>\n<div style=\"text-align: center;\"><span style=\"color: #000000;\">2\u00b0 Suri:&nbsp;<b>\u00abLos arboles que no ten\u00edan hojas\u00bb<\/b><\/span><\/div>\n<div style=\"text-align: center;\"><span style=\"color: #000000;\">3\u00b0 Kalkin:&nbsp;<b>\u00abOrfeo\u00bb<\/b><\/span><\/div>\n<div style=\"text-align: center;\"><span style=\"color: #000000;\">5\u00b0 Rer\u00e9: Comedia del Arte \u00ab<b>Servidor de dos patrones\u00bb<\/b><\/span><\/div>\n<div style=\"text-align: center;\"><a href=\"https:\/\/picasaweb.google.com\/117254309610999608670\/6281573737942553249?authuser=0&amp;authkey=Gv1sRgCKje09jmw8SCPw&amp;feat=directlink\" target=\"_blank\" rel=\"noopener\"><img loading=\"lazy\" decoding=\"async\" class=\"aligncenter size-full wp-image-2986\" src=\"http:\/\/www.colegiolatinocordillera.cl\/w3\/wp-content\/uploads\/2016\/05\/Festival-de-Teatro-Tremun-dia-tres.png\" alt=\"Festival de Teatro Tremun dia tres\" width=\"440\" height=\"330\" srcset=\"https:\/\/www.colegiolatinocordillera.cl\/w3\/wp-content\/uploads\/2016\/05\/Festival-de-Teatro-Tremun-dia-tres.png 440w, https:\/\/www.colegiolatinocordillera.cl\/w3\/wp-content\/uploads\/2016\/05\/Festival-de-Teatro-Tremun-dia-tres-300x224.png 300w, https:\/\/www.colegiolatinocordillera.cl\/w3\/wp-content\/uploads\/2016\/05\/Festival-de-Teatro-Tremun-dia-tres-150x112.png 150w, https:\/\/www.colegiolatinocordillera.cl\/w3\/wp-content\/uploads\/2016\/05\/Festival-de-Teatro-Tremun-dia-tres-400x300.png 400w\" sizes=\"auto, (max-width: 440px) 100vw, 440px\" \/><\/a><\/div>\n","protected":false},"excerpt":{"rendered":"<p>Esta semana se llev\u00f3 a cabo nuestro ya tradicional Festival de Teatro en Trem\u00fcn. El Festival de Teatro es parte esencial de nuestro programa de Lenguaje y Comunicaci\u00f3n. Durante esta&#8230;<\/p>\n","protected":false},"author":7,"featured_media":0,"comment_status":"closed","ping_status":"open","sticky":false,"template":"","format":"standard","meta":{"footnotes":""},"categories":[16,13],"tags":[],"class_list":["post-2974","post","type-post","status-publish","format-standard","hentry","category-actividades","category-archivo"],"_links":{"self":[{"href":"https:\/\/www.colegiolatinocordillera.cl\/w3\/wp-json\/wp\/v2\/posts\/2974","targetHints":{"allow":["GET"]}}],"collection":[{"href":"https:\/\/www.colegiolatinocordillera.cl\/w3\/wp-json\/wp\/v2\/posts"}],"about":[{"href":"https:\/\/www.colegiolatinocordillera.cl\/w3\/wp-json\/wp\/v2\/types\/post"}],"author":[{"embeddable":true,"href":"https:\/\/www.colegiolatinocordillera.cl\/w3\/wp-json\/wp\/v2\/users\/7"}],"replies":[{"embeddable":true,"href":"https:\/\/www.colegiolatinocordillera.cl\/w3\/wp-json\/wp\/v2\/comments?post=2974"}],"version-history":[{"count":14,"href":"https:\/\/www.colegiolatinocordillera.cl\/w3\/wp-json\/wp\/v2\/posts\/2974\/revisions"}],"predecessor-version":[{"id":3980,"href":"https:\/\/www.colegiolatinocordillera.cl\/w3\/wp-json\/wp\/v2\/posts\/2974\/revisions\/3980"}],"wp:attachment":[{"href":"https:\/\/www.colegiolatinocordillera.cl\/w3\/wp-json\/wp\/v2\/media?parent=2974"}],"wp:term":[{"taxonomy":"category","embeddable":true,"href":"https:\/\/www.colegiolatinocordillera.cl\/w3\/wp-json\/wp\/v2\/categories?post=2974"},{"taxonomy":"post_tag","embeddable":true,"href":"https:\/\/www.colegiolatinocordillera.cl\/w3\/wp-json\/wp\/v2\/tags?post=2974"}],"curies":[{"name":"wp","href":"https:\/\/api.w.org\/{rel}","templated":true}]}}