{"id":4466,"date":"2019-03-08T21:53:34","date_gmt":"2019-03-09T00:53:34","guid":{"rendered":"https:\/\/www.colegiolatinocordillera.cl\/w3\/?p=4466"},"modified":"2021-01-20T19:23:10","modified_gmt":"2021-01-20T22:23:10","slug":"latino-8-de-marzo","status":"publish","type":"post","link":"https:\/\/www.colegiolatinocordillera.cl\/w3\/2019\/03\/latino-8-de-marzo\/","title":{"rendered":"Latino 8 de Marzo"},"content":{"rendered":"<p>Mujeres Latinas en huelga feminista\u270a\ud83d\udc9cMarchan mam\u00e1s, ni\u00f1as y j\u00f3venes estudiantes. Jornada de reflexi\u00f3n y discusi\u00f3n Jaqi.<br \/>\n<!--more--><\/p>\n\n\t\t<style type=\"text\/css\">\n\t\t\t#gallery-1 {\n\t\t\t\tmargin: auto;\n\t\t\t}\n\t\t\t#gallery-1 .gallery-item {\n\t\t\t\tfloat: left;\n\t\t\t\tmargin-top: 10px;\n\t\t\t\ttext-align: center;\n\t\t\t\twidth: 33%;\n\t\t\t}\n\t\t\t#gallery-1 img {\n\t\t\t\tborder: 2px solid #cfcfcf;\n\t\t\t}\n\t\t\t#gallery-1 .gallery-caption {\n\t\t\t\tmargin-left: 0;\n\t\t\t}\n\t\t\t\/* see gallery_shortcode() in wp-includes\/media.php *\/\n\t\t<\/style>\n\t\t<div id='gallery-1' class='gallery galleryid-4466 gallery-columns-3 gallery-size-medium'><dl class='gallery-item'>\n\t\t\t<dt class='gallery-icon landscape'>\n\t\t\t\t<a href='https:\/\/www.colegiolatinocordillera.cl\/w3\/wp-content\/uploads\/2019\/03\/1.jpeg'><img loading=\"lazy\" decoding=\"async\" width=\"300\" height=\"225\" src=\"https:\/\/www.colegiolatinocordillera.cl\/w3\/wp-content\/uploads\/2019\/03\/1-300x225.jpeg\" class=\"attachment-medium size-medium\" alt=\"\" srcset=\"https:\/\/www.colegiolatinocordillera.cl\/w3\/wp-content\/uploads\/2019\/03\/1-300x225.jpeg 300w, https:\/\/www.colegiolatinocordillera.cl\/w3\/wp-content\/uploads\/2019\/03\/1-768x576.jpeg 768w, https:\/\/www.colegiolatinocordillera.cl\/w3\/wp-content\/uploads\/2019\/03\/1-1024x768.jpeg 1024w, https:\/\/www.colegiolatinocordillera.cl\/w3\/wp-content\/uploads\/2019\/03\/1.jpeg 1280w\" sizes=\"auto, (max-width: 300px) 100vw, 300px\" \/><\/a>\n\t\t\t<\/dt><\/dl><dl class='gallery-item'>\n\t\t\t<dt class='gallery-icon landscape'>\n\t\t\t\t<a href='https:\/\/www.colegiolatinocordillera.cl\/w3\/wp-content\/uploads\/2019\/03\/2.jpeg'><img loading=\"lazy\" decoding=\"async\" width=\"300\" height=\"225\" src=\"https:\/\/www.colegiolatinocordillera.cl\/w3\/wp-content\/uploads\/2019\/03\/2-300x225.jpeg\" class=\"attachment-medium size-medium\" alt=\"\" srcset=\"https:\/\/www.colegiolatinocordillera.cl\/w3\/wp-content\/uploads\/2019\/03\/2-300x225.jpeg 300w, https:\/\/www.colegiolatinocordillera.cl\/w3\/wp-content\/uploads\/2019\/03\/2-768x576.jpeg 768w, https:\/\/www.colegiolatinocordillera.cl\/w3\/wp-content\/uploads\/2019\/03\/2-1024x768.jpeg 1024w, https:\/\/www.colegiolatinocordillera.cl\/w3\/wp-content\/uploads\/2019\/03\/2.jpeg 1280w\" sizes=\"auto, (max-width: 300px) 100vw, 300px\" \/><\/a>\n\t\t\t<\/dt><\/dl><dl class='gallery-item'>\n\t\t\t<dt class='gallery-icon landscape'>\n\t\t\t\t<a href='https:\/\/www.colegiolatinocordillera.cl\/w3\/wp-content\/uploads\/2019\/03\/3.jpeg'><img loading=\"lazy\" decoding=\"async\" width=\"300\" height=\"225\" src=\"https:\/\/www.colegiolatinocordillera.cl\/w3\/wp-content\/uploads\/2019\/03\/3-300x225.jpeg\" class=\"attachment-medium size-medium\" alt=\"\" srcset=\"https:\/\/www.colegiolatinocordillera.cl\/w3\/wp-content\/uploads\/2019\/03\/3-300x225.jpeg 300w, https:\/\/www.colegiolatinocordillera.cl\/w3\/wp-content\/uploads\/2019\/03\/3-768x576.jpeg 768w, https:\/\/www.colegiolatinocordillera.cl\/w3\/wp-content\/uploads\/2019\/03\/3-1024x768.jpeg 1024w, https:\/\/www.colegiolatinocordillera.cl\/w3\/wp-content\/uploads\/2019\/03\/3.jpeg 1280w\" sizes=\"auto, (max-width: 300px) 100vw, 300px\" \/><\/a>\n\t\t\t<\/dt><\/dl><br style=\"clear: both\" \/><dl class='gallery-item'>\n\t\t\t<dt class='gallery-icon landscape'>\n\t\t\t\t<a href='https:\/\/www.colegiolatinocordillera.cl\/w3\/wp-content\/uploads\/2019\/03\/4.jpeg'><img loading=\"lazy\" decoding=\"async\" width=\"300\" height=\"225\" src=\"https:\/\/www.colegiolatinocordillera.cl\/w3\/wp-content\/uploads\/2019\/03\/4-300x225.jpeg\" class=\"attachment-medium size-medium\" alt=\"\" srcset=\"https:\/\/www.colegiolatinocordillera.cl\/w3\/wp-content\/uploads\/2019\/03\/4-300x225.jpeg 300w, https:\/\/www.colegiolatinocordillera.cl\/w3\/wp-content\/uploads\/2019\/03\/4-768x576.jpeg 768w, https:\/\/www.colegiolatinocordillera.cl\/w3\/wp-content\/uploads\/2019\/03\/4-1024x768.jpeg 1024w, https:\/\/www.colegiolatinocordillera.cl\/w3\/wp-content\/uploads\/2019\/03\/4.jpeg 1040w\" sizes=\"auto, (max-width: 300px) 100vw, 300px\" \/><\/a>\n\t\t\t<\/dt><\/dl><dl class='gallery-item'>\n\t\t\t<dt class='gallery-icon landscape'>\n\t\t\t\t<a href='https:\/\/www.colegiolatinocordillera.cl\/w3\/wp-content\/uploads\/2019\/03\/5.jpeg'><img loading=\"lazy\" decoding=\"async\" width=\"300\" height=\"200\" src=\"https:\/\/www.colegiolatinocordillera.cl\/w3\/wp-content\/uploads\/2019\/03\/5-300x200.jpeg\" class=\"attachment-medium size-medium\" alt=\"\" srcset=\"https:\/\/www.colegiolatinocordillera.cl\/w3\/wp-content\/uploads\/2019\/03\/5-300x200.jpeg 300w, https:\/\/www.colegiolatinocordillera.cl\/w3\/wp-content\/uploads\/2019\/03\/5-768x512.jpeg 768w, https:\/\/www.colegiolatinocordillera.cl\/w3\/wp-content\/uploads\/2019\/03\/5-1024x682.jpeg 1024w, https:\/\/www.colegiolatinocordillera.cl\/w3\/wp-content\/uploads\/2019\/03\/5.jpeg 1280w\" sizes=\"auto, (max-width: 300px) 100vw, 300px\" \/><\/a>\n\t\t\t<\/dt><\/dl><dl class='gallery-item'>\n\t\t\t<dt class='gallery-icon landscape'>\n\t\t\t\t<a href='https:\/\/www.colegiolatinocordillera.cl\/w3\/wp-content\/uploads\/2019\/03\/6.jpeg'><img loading=\"lazy\" decoding=\"async\" width=\"300\" height=\"200\" src=\"https:\/\/www.colegiolatinocordillera.cl\/w3\/wp-content\/uploads\/2019\/03\/6-300x200.jpeg\" class=\"attachment-medium size-medium\" alt=\"\" srcset=\"https:\/\/www.colegiolatinocordillera.cl\/w3\/wp-content\/uploads\/2019\/03\/6-300x200.jpeg 300w, https:\/\/www.colegiolatinocordillera.cl\/w3\/wp-content\/uploads\/2019\/03\/6-768x512.jpeg 768w, https:\/\/www.colegiolatinocordillera.cl\/w3\/wp-content\/uploads\/2019\/03\/6-1024x682.jpeg 1024w, https:\/\/www.colegiolatinocordillera.cl\/w3\/wp-content\/uploads\/2019\/03\/6.jpeg 1280w\" sizes=\"auto, (max-width: 300px) 100vw, 300px\" \/><\/a>\n\t\t\t<\/dt><\/dl><br style=\"clear: both\" \/><dl class='gallery-item'>\n\t\t\t<dt class='gallery-icon landscape'>\n\t\t\t\t<a href='https:\/\/www.colegiolatinocordillera.cl\/w3\/wp-content\/uploads\/2019\/03\/7.jpeg'><img loading=\"lazy\" decoding=\"async\" width=\"300\" height=\"200\" src=\"https:\/\/www.colegiolatinocordillera.cl\/w3\/wp-content\/uploads\/2019\/03\/7-300x200.jpeg\" class=\"attachment-medium size-medium\" alt=\"\" srcset=\"https:\/\/www.colegiolatinocordillera.cl\/w3\/wp-content\/uploads\/2019\/03\/7-300x200.jpeg 300w, https:\/\/www.colegiolatinocordillera.cl\/w3\/wp-content\/uploads\/2019\/03\/7-768x512.jpeg 768w, https:\/\/www.colegiolatinocordillera.cl\/w3\/wp-content\/uploads\/2019\/03\/7-1024x682.jpeg 1024w, https:\/\/www.colegiolatinocordillera.cl\/w3\/wp-content\/uploads\/2019\/03\/7.jpeg 1280w\" sizes=\"auto, (max-width: 300px) 100vw, 300px\" \/><\/a>\n\t\t\t<\/dt><\/dl><dl class='gallery-item'>\n\t\t\t<dt class='gallery-icon landscape'>\n\t\t\t\t<a href='https:\/\/www.colegiolatinocordillera.cl\/w3\/wp-content\/uploads\/2019\/03\/8.jpeg'><img loading=\"lazy\" decoding=\"async\" width=\"300\" height=\"200\" src=\"https:\/\/www.colegiolatinocordillera.cl\/w3\/wp-content\/uploads\/2019\/03\/8-300x200.jpeg\" class=\"attachment-medium size-medium\" alt=\"\" srcset=\"https:\/\/www.colegiolatinocordillera.cl\/w3\/wp-content\/uploads\/2019\/03\/8-300x200.jpeg 300w, https:\/\/www.colegiolatinocordillera.cl\/w3\/wp-content\/uploads\/2019\/03\/8-768x512.jpeg 768w, https:\/\/www.colegiolatinocordillera.cl\/w3\/wp-content\/uploads\/2019\/03\/8-1024x682.jpeg 1024w, https:\/\/www.colegiolatinocordillera.cl\/w3\/wp-content\/uploads\/2019\/03\/8.jpeg 1280w\" sizes=\"auto, (max-width: 300px) 100vw, 300px\" \/><\/a>\n\t\t\t<\/dt><\/dl><dl class='gallery-item'>\n\t\t\t<dt class='gallery-icon landscape'>\n\t\t\t\t<a href='https:\/\/www.colegiolatinocordillera.cl\/w3\/wp-content\/uploads\/2019\/03\/9.jpeg'><img loading=\"lazy\" decoding=\"async\" width=\"300\" height=\"200\" src=\"https:\/\/www.colegiolatinocordillera.cl\/w3\/wp-content\/uploads\/2019\/03\/9-300x200.jpeg\" class=\"attachment-medium size-medium\" alt=\"\" srcset=\"https:\/\/www.colegiolatinocordillera.cl\/w3\/wp-content\/uploads\/2019\/03\/9-300x200.jpeg 300w, https:\/\/www.colegiolatinocordillera.cl\/w3\/wp-content\/uploads\/2019\/03\/9-768x512.jpeg 768w, https:\/\/www.colegiolatinocordillera.cl\/w3\/wp-content\/uploads\/2019\/03\/9-1024x682.jpeg 1024w, https:\/\/www.colegiolatinocordillera.cl\/w3\/wp-content\/uploads\/2019\/03\/9.jpeg 1280w\" sizes=\"auto, (max-width: 300px) 100vw, 300px\" \/><\/a>\n\t\t\t<\/dt><\/dl><br style=\"clear: both\" \/><dl class='gallery-item'>\n\t\t\t<dt class='gallery-icon landscape'>\n\t\t\t\t<a href='https:\/\/www.colegiolatinocordillera.cl\/w3\/wp-content\/uploads\/2019\/03\/10.jpeg'><img loading=\"lazy\" decoding=\"async\" width=\"300\" height=\"200\" src=\"https:\/\/www.colegiolatinocordillera.cl\/w3\/wp-content\/uploads\/2019\/03\/10-300x200.jpeg\" class=\"attachment-medium size-medium\" alt=\"\" srcset=\"https:\/\/www.colegiolatinocordillera.cl\/w3\/wp-content\/uploads\/2019\/03\/10-300x200.jpeg 300w, https:\/\/www.colegiolatinocordillera.cl\/w3\/wp-content\/uploads\/2019\/03\/10-768x512.jpeg 768w, https:\/\/www.colegiolatinocordillera.cl\/w3\/wp-content\/uploads\/2019\/03\/10-1024x682.jpeg 1024w, https:\/\/www.colegiolatinocordillera.cl\/w3\/wp-content\/uploads\/2019\/03\/10.jpeg 1280w\" sizes=\"auto, (max-width: 300px) 100vw, 300px\" \/><\/a>\n\t\t\t<\/dt><\/dl><dl class='gallery-item'>\n\t\t\t<dt class='gallery-icon landscape'>\n\t\t\t\t<a href='https:\/\/www.colegiolatinocordillera.cl\/w3\/wp-content\/uploads\/2019\/03\/11.jpeg'><img loading=\"lazy\" decoding=\"async\" width=\"300\" height=\"200\" src=\"https:\/\/www.colegiolatinocordillera.cl\/w3\/wp-content\/uploads\/2019\/03\/11-300x200.jpeg\" class=\"attachment-medium size-medium\" alt=\"\" srcset=\"https:\/\/www.colegiolatinocordillera.cl\/w3\/wp-content\/uploads\/2019\/03\/11-300x200.jpeg 300w, https:\/\/www.colegiolatinocordillera.cl\/w3\/wp-content\/uploads\/2019\/03\/11-768x512.jpeg 768w, https:\/\/www.colegiolatinocordillera.cl\/w3\/wp-content\/uploads\/2019\/03\/11-1024x682.jpeg 1024w, https:\/\/www.colegiolatinocordillera.cl\/w3\/wp-content\/uploads\/2019\/03\/11.jpeg 1280w\" sizes=\"auto, (max-width: 300px) 100vw, 300px\" \/><\/a>\n\t\t\t<\/dt><\/dl><dl class='gallery-item'>\n\t\t\t<dt class='gallery-icon landscape'>\n\t\t\t\t<a href='https:\/\/www.colegiolatinocordillera.cl\/w3\/wp-content\/uploads\/2019\/03\/12.jpeg'><img loading=\"lazy\" decoding=\"async\" width=\"300\" height=\"200\" src=\"https:\/\/www.colegiolatinocordillera.cl\/w3\/wp-content\/uploads\/2019\/03\/12-300x200.jpeg\" class=\"attachment-medium size-medium\" alt=\"\" srcset=\"https:\/\/www.colegiolatinocordillera.cl\/w3\/wp-content\/uploads\/2019\/03\/12-300x200.jpeg 300w, https:\/\/www.colegiolatinocordillera.cl\/w3\/wp-content\/uploads\/2019\/03\/12-768x512.jpeg 768w, https:\/\/www.colegiolatinocordillera.cl\/w3\/wp-content\/uploads\/2019\/03\/12-1024x682.jpeg 1024w, https:\/\/www.colegiolatinocordillera.cl\/w3\/wp-content\/uploads\/2019\/03\/12.jpeg 1280w\" sizes=\"auto, (max-width: 300px) 100vw, 300px\" \/><\/a>\n\t\t\t<\/dt><\/dl><br style=\"clear: both\" \/><dl class='gallery-item'>\n\t\t\t<dt class='gallery-icon landscape'>\n\t\t\t\t<a href='https:\/\/www.colegiolatinocordillera.cl\/w3\/wp-content\/uploads\/2019\/03\/13.jpeg'><img loading=\"lazy\" decoding=\"async\" width=\"300\" height=\"200\" src=\"https:\/\/www.colegiolatinocordillera.cl\/w3\/wp-content\/uploads\/2019\/03\/13-300x200.jpeg\" class=\"attachment-medium size-medium\" alt=\"\" srcset=\"https:\/\/www.colegiolatinocordillera.cl\/w3\/wp-content\/uploads\/2019\/03\/13-300x200.jpeg 300w, https:\/\/www.colegiolatinocordillera.cl\/w3\/wp-content\/uploads\/2019\/03\/13-768x512.jpeg 768w, https:\/\/www.colegiolatinocordillera.cl\/w3\/wp-content\/uploads\/2019\/03\/13-1024x682.jpeg 1024w, https:\/\/www.colegiolatinocordillera.cl\/w3\/wp-content\/uploads\/2019\/03\/13.jpeg 1280w\" sizes=\"auto, (max-width: 300px) 100vw, 300px\" \/><\/a>\n\t\t\t<\/dt><\/dl><dl class='gallery-item'>\n\t\t\t<dt class='gallery-icon landscape'>\n\t\t\t\t<a href='https:\/\/www.colegiolatinocordillera.cl\/w3\/wp-content\/uploads\/2019\/03\/14.jpeg'><img loading=\"lazy\" decoding=\"async\" width=\"300\" height=\"200\" src=\"https:\/\/www.colegiolatinocordillera.cl\/w3\/wp-content\/uploads\/2019\/03\/14-300x200.jpeg\" class=\"attachment-medium size-medium\" alt=\"\" srcset=\"https:\/\/www.colegiolatinocordillera.cl\/w3\/wp-content\/uploads\/2019\/03\/14-300x200.jpeg 300w, https:\/\/www.colegiolatinocordillera.cl\/w3\/wp-content\/uploads\/2019\/03\/14-768x512.jpeg 768w, https:\/\/www.colegiolatinocordillera.cl\/w3\/wp-content\/uploads\/2019\/03\/14-1024x682.jpeg 1024w, https:\/\/www.colegiolatinocordillera.cl\/w3\/wp-content\/uploads\/2019\/03\/14.jpeg 1280w\" sizes=\"auto, (max-width: 300px) 100vw, 300px\" \/><\/a>\n\t\t\t<\/dt><\/dl><dl class='gallery-item'>\n\t\t\t<dt class='gallery-icon landscape'>\n\t\t\t\t<a href='https:\/\/www.colegiolatinocordillera.cl\/w3\/wp-content\/uploads\/2019\/03\/15.jpeg'><img loading=\"lazy\" decoding=\"async\" width=\"300\" height=\"200\" src=\"https:\/\/www.colegiolatinocordillera.cl\/w3\/wp-content\/uploads\/2019\/03\/15-300x200.jpeg\" class=\"attachment-medium size-medium\" alt=\"\" srcset=\"https:\/\/www.colegiolatinocordillera.cl\/w3\/wp-content\/uploads\/2019\/03\/15-300x200.jpeg 300w, https:\/\/www.colegiolatinocordillera.cl\/w3\/wp-content\/uploads\/2019\/03\/15-768x512.jpeg 768w, https:\/\/www.colegiolatinocordillera.cl\/w3\/wp-content\/uploads\/2019\/03\/15-1024x682.jpeg 1024w, https:\/\/www.colegiolatinocordillera.cl\/w3\/wp-content\/uploads\/2019\/03\/15.jpeg 1280w\" sizes=\"auto, (max-width: 300px) 100vw, 300px\" \/><\/a>\n\t\t\t<\/dt><\/dl><br style=\"clear: both\" \/><dl class='gallery-item'>\n\t\t\t<dt class='gallery-icon landscape'>\n\t\t\t\t<a href='https:\/\/www.colegiolatinocordillera.cl\/w3\/wp-content\/uploads\/2019\/03\/16.jpeg'><img loading=\"lazy\" decoding=\"async\" width=\"300\" height=\"200\" src=\"https:\/\/www.colegiolatinocordillera.cl\/w3\/wp-content\/uploads\/2019\/03\/16-300x200.jpeg\" class=\"attachment-medium size-medium\" alt=\"\" srcset=\"https:\/\/www.colegiolatinocordillera.cl\/w3\/wp-content\/uploads\/2019\/03\/16-300x200.jpeg 300w, https:\/\/www.colegiolatinocordillera.cl\/w3\/wp-content\/uploads\/2019\/03\/16-768x512.jpeg 768w, https:\/\/www.colegiolatinocordillera.cl\/w3\/wp-content\/uploads\/2019\/03\/16-1024x682.jpeg 1024w, https:\/\/www.colegiolatinocordillera.cl\/w3\/wp-content\/uploads\/2019\/03\/16.jpeg 1280w\" sizes=\"auto, (max-width: 300px) 100vw, 300px\" \/><\/a>\n\t\t\t<\/dt><\/dl><dl class='gallery-item'>\n\t\t\t<dt class='gallery-icon landscape'>\n\t\t\t\t<a href='https:\/\/www.colegiolatinocordillera.cl\/w3\/wp-content\/uploads\/2019\/03\/17.jpeg'><img loading=\"lazy\" decoding=\"async\" width=\"300\" height=\"200\" src=\"https:\/\/www.colegiolatinocordillera.cl\/w3\/wp-content\/uploads\/2019\/03\/17-300x200.jpeg\" class=\"attachment-medium size-medium\" alt=\"\" srcset=\"https:\/\/www.colegiolatinocordillera.cl\/w3\/wp-content\/uploads\/2019\/03\/17-300x200.jpeg 300w, https:\/\/www.colegiolatinocordillera.cl\/w3\/wp-content\/uploads\/2019\/03\/17-768x512.jpeg 768w, https:\/\/www.colegiolatinocordillera.cl\/w3\/wp-content\/uploads\/2019\/03\/17-1024x682.jpeg 1024w, https:\/\/www.colegiolatinocordillera.cl\/w3\/wp-content\/uploads\/2019\/03\/17.jpeg 1280w\" sizes=\"auto, (max-width: 300px) 100vw, 300px\" \/><\/a>\n\t\t\t<\/dt><\/dl><dl class='gallery-item'>\n\t\t\t<dt class='gallery-icon landscape'>\n\t\t\t\t<a href='https:\/\/www.colegiolatinocordillera.cl\/w3\/wp-content\/uploads\/2019\/03\/18.jpeg'><img loading=\"lazy\" decoding=\"async\" width=\"300\" height=\"200\" src=\"https:\/\/www.colegiolatinocordillera.cl\/w3\/wp-content\/uploads\/2019\/03\/18-300x200.jpeg\" class=\"attachment-medium size-medium\" alt=\"\" srcset=\"https:\/\/www.colegiolatinocordillera.cl\/w3\/wp-content\/uploads\/2019\/03\/18-300x200.jpeg 300w, https:\/\/www.colegiolatinocordillera.cl\/w3\/wp-content\/uploads\/2019\/03\/18-768x512.jpeg 768w, https:\/\/www.colegiolatinocordillera.cl\/w3\/wp-content\/uploads\/2019\/03\/18-1024x682.jpeg 1024w, https:\/\/www.colegiolatinocordillera.cl\/w3\/wp-content\/uploads\/2019\/03\/18.jpeg 1280w\" sizes=\"auto, (max-width: 300px) 100vw, 300px\" \/><\/a>\n\t\t\t<\/dt><\/dl><br style=\"clear: both\" \/><dl class='gallery-item'>\n\t\t\t<dt class='gallery-icon landscape'>\n\t\t\t\t<a href='https:\/\/www.colegiolatinocordillera.cl\/w3\/wp-content\/uploads\/2019\/03\/19.jpeg'><img loading=\"lazy\" decoding=\"async\" width=\"300\" height=\"200\" src=\"https:\/\/www.colegiolatinocordillera.cl\/w3\/wp-content\/uploads\/2019\/03\/19-300x200.jpeg\" class=\"attachment-medium size-medium\" alt=\"\" srcset=\"https:\/\/www.colegiolatinocordillera.cl\/w3\/wp-content\/uploads\/2019\/03\/19-300x200.jpeg 300w, https:\/\/www.colegiolatinocordillera.cl\/w3\/wp-content\/uploads\/2019\/03\/19-768x512.jpeg 768w, https:\/\/www.colegiolatinocordillera.cl\/w3\/wp-content\/uploads\/2019\/03\/19-1024x682.jpeg 1024w, https:\/\/www.colegiolatinocordillera.cl\/w3\/wp-content\/uploads\/2019\/03\/19.jpeg 1280w\" sizes=\"auto, (max-width: 300px) 100vw, 300px\" \/><\/a>\n\t\t\t<\/dt><\/dl><dl class='gallery-item'>\n\t\t\t<dt class='gallery-icon portrait'>\n\t\t\t\t<a href='https:\/\/www.colegiolatinocordillera.cl\/w3\/wp-content\/uploads\/2019\/03\/20.jpeg'><img loading=\"lazy\" decoding=\"async\" width=\"200\" height=\"300\" src=\"https:\/\/www.colegiolatinocordillera.cl\/w3\/wp-content\/uploads\/2019\/03\/20-200x300.jpeg\" class=\"attachment-medium size-medium\" alt=\"\" srcset=\"https:\/\/www.colegiolatinocordillera.cl\/w3\/wp-content\/uploads\/2019\/03\/20-200x300.jpeg 200w, https:\/\/www.colegiolatinocordillera.cl\/w3\/wp-content\/uploads\/2019\/03\/20-768x1152.jpeg 768w, https:\/\/www.colegiolatinocordillera.cl\/w3\/wp-content\/uploads\/2019\/03\/20-682x1024.jpeg 682w, https:\/\/www.colegiolatinocordillera.cl\/w3\/wp-content\/uploads\/2019\/03\/20.jpeg 853w\" sizes=\"auto, (max-width: 200px) 100vw, 200px\" \/><\/a>\n\t\t\t<\/dt><\/dl><dl class='gallery-item'>\n\t\t\t<dt class='gallery-icon landscape'>\n\t\t\t\t<a href='https:\/\/www.colegiolatinocordillera.cl\/w3\/wp-content\/uploads\/2019\/03\/21.jpeg'><img loading=\"lazy\" decoding=\"async\" width=\"300\" height=\"200\" src=\"https:\/\/www.colegiolatinocordillera.cl\/w3\/wp-content\/uploads\/2019\/03\/21-300x200.jpeg\" class=\"attachment-medium size-medium\" alt=\"\" srcset=\"https:\/\/www.colegiolatinocordillera.cl\/w3\/wp-content\/uploads\/2019\/03\/21-300x200.jpeg 300w, https:\/\/www.colegiolatinocordillera.cl\/w3\/wp-content\/uploads\/2019\/03\/21-768x512.jpeg 768w, https:\/\/www.colegiolatinocordillera.cl\/w3\/wp-content\/uploads\/2019\/03\/21-1024x682.jpeg 1024w, https:\/\/www.colegiolatinocordillera.cl\/w3\/wp-content\/uploads\/2019\/03\/21.jpeg 1280w\" sizes=\"auto, (max-width: 300px) 100vw, 300px\" \/><\/a>\n\t\t\t<\/dt><\/dl><br style=\"clear: both\" \/><dl class='gallery-item'>\n\t\t\t<dt class='gallery-icon landscape'>\n\t\t\t\t<a href='https:\/\/www.colegiolatinocordillera.cl\/w3\/wp-content\/uploads\/2019\/03\/22.jpeg'><img loading=\"lazy\" decoding=\"async\" width=\"300\" height=\"200\" src=\"https:\/\/www.colegiolatinocordillera.cl\/w3\/wp-content\/uploads\/2019\/03\/22-300x200.jpeg\" class=\"attachment-medium size-medium\" alt=\"\" srcset=\"https:\/\/www.colegiolatinocordillera.cl\/w3\/wp-content\/uploads\/2019\/03\/22-300x200.jpeg 300w, https:\/\/www.colegiolatinocordillera.cl\/w3\/wp-content\/uploads\/2019\/03\/22-768x512.jpeg 768w, https:\/\/www.colegiolatinocordillera.cl\/w3\/wp-content\/uploads\/2019\/03\/22-1024x682.jpeg 1024w, https:\/\/www.colegiolatinocordillera.cl\/w3\/wp-content\/uploads\/2019\/03\/22.jpeg 1280w\" sizes=\"auto, (max-width: 300px) 100vw, 300px\" \/><\/a>\n\t\t\t<\/dt><\/dl><dl class='gallery-item'>\n\t\t\t<dt class='gallery-icon landscape'>\n\t\t\t\t<a href='https:\/\/www.colegiolatinocordillera.cl\/w3\/wp-content\/uploads\/2019\/03\/23.jpeg'><img loading=\"lazy\" decoding=\"async\" width=\"300\" height=\"200\" src=\"https:\/\/www.colegiolatinocordillera.cl\/w3\/wp-content\/uploads\/2019\/03\/23-300x200.jpeg\" class=\"attachment-medium size-medium\" alt=\"\" srcset=\"https:\/\/www.colegiolatinocordillera.cl\/w3\/wp-content\/uploads\/2019\/03\/23-300x200.jpeg 300w, https:\/\/www.colegiolatinocordillera.cl\/w3\/wp-content\/uploads\/2019\/03\/23-768x512.jpeg 768w, https:\/\/www.colegiolatinocordillera.cl\/w3\/wp-content\/uploads\/2019\/03\/23-1024x682.jpeg 1024w, https:\/\/www.colegiolatinocordillera.cl\/w3\/wp-content\/uploads\/2019\/03\/23.jpeg 1280w\" sizes=\"auto, (max-width: 300px) 100vw, 300px\" \/><\/a>\n\t\t\t<\/dt><\/dl><dl class='gallery-item'>\n\t\t\t<dt class='gallery-icon landscape'>\n\t\t\t\t<a href='https:\/\/www.colegiolatinocordillera.cl\/w3\/wp-content\/uploads\/2019\/03\/24.jpeg'><img loading=\"lazy\" decoding=\"async\" width=\"300\" height=\"200\" src=\"https:\/\/www.colegiolatinocordillera.cl\/w3\/wp-content\/uploads\/2019\/03\/24-300x200.jpeg\" class=\"attachment-medium size-medium\" alt=\"\" srcset=\"https:\/\/www.colegiolatinocordillera.cl\/w3\/wp-content\/uploads\/2019\/03\/24-300x200.jpeg 300w, https:\/\/www.colegiolatinocordillera.cl\/w3\/wp-content\/uploads\/2019\/03\/24-768x512.jpeg 768w, https:\/\/www.colegiolatinocordillera.cl\/w3\/wp-content\/uploads\/2019\/03\/24-1024x682.jpeg 1024w, https:\/\/www.colegiolatinocordillera.cl\/w3\/wp-content\/uploads\/2019\/03\/24.jpeg 1280w\" sizes=\"auto, (max-width: 300px) 100vw, 300px\" \/><\/a>\n\t\t\t<\/dt><\/dl><br style=\"clear: both\" \/><dl class='gallery-item'>\n\t\t\t<dt class='gallery-icon landscape'>\n\t\t\t\t<a href='https:\/\/www.colegiolatinocordillera.cl\/w3\/wp-content\/uploads\/2019\/03\/25.jpeg'><img loading=\"lazy\" decoding=\"async\" width=\"300\" height=\"200\" src=\"https:\/\/www.colegiolatinocordillera.cl\/w3\/wp-content\/uploads\/2019\/03\/25-300x200.jpeg\" class=\"attachment-medium size-medium\" alt=\"\" srcset=\"https:\/\/www.colegiolatinocordillera.cl\/w3\/wp-content\/uploads\/2019\/03\/25-300x200.jpeg 300w, https:\/\/www.colegiolatinocordillera.cl\/w3\/wp-content\/uploads\/2019\/03\/25-768x512.jpeg 768w, https:\/\/www.colegiolatinocordillera.cl\/w3\/wp-content\/uploads\/2019\/03\/25-1024x682.jpeg 1024w, https:\/\/www.colegiolatinocordillera.cl\/w3\/wp-content\/uploads\/2019\/03\/25.jpeg 1280w\" sizes=\"auto, (max-width: 300px) 100vw, 300px\" \/><\/a>\n\t\t\t<\/dt><\/dl><dl class='gallery-item'>\n\t\t\t<dt class='gallery-icon landscape'>\n\t\t\t\t<a href='https:\/\/www.colegiolatinocordillera.cl\/w3\/wp-content\/uploads\/2019\/03\/26.jpeg'><img loading=\"lazy\" decoding=\"async\" width=\"300\" height=\"200\" src=\"https:\/\/www.colegiolatinocordillera.cl\/w3\/wp-content\/uploads\/2019\/03\/26-300x200.jpeg\" class=\"attachment-medium size-medium\" alt=\"\" srcset=\"https:\/\/www.colegiolatinocordillera.cl\/w3\/wp-content\/uploads\/2019\/03\/26-300x200.jpeg 300w, https:\/\/www.colegiolatinocordillera.cl\/w3\/wp-content\/uploads\/2019\/03\/26-768x512.jpeg 768w, https:\/\/www.colegiolatinocordillera.cl\/w3\/wp-content\/uploads\/2019\/03\/26-1024x682.jpeg 1024w, https:\/\/www.colegiolatinocordillera.cl\/w3\/wp-content\/uploads\/2019\/03\/26.jpeg 1280w\" sizes=\"auto, (max-width: 300px) 100vw, 300px\" \/><\/a>\n\t\t\t<\/dt><\/dl><dl class='gallery-item'>\n\t\t\t<dt class='gallery-icon landscape'>\n\t\t\t\t<a href='https:\/\/www.colegiolatinocordillera.cl\/w3\/wp-content\/uploads\/2019\/03\/27.jpeg'><img loading=\"lazy\" decoding=\"async\" width=\"300\" height=\"200\" src=\"https:\/\/www.colegiolatinocordillera.cl\/w3\/wp-content\/uploads\/2019\/03\/27-300x200.jpeg\" class=\"attachment-medium size-medium\" alt=\"\" srcset=\"https:\/\/www.colegiolatinocordillera.cl\/w3\/wp-content\/uploads\/2019\/03\/27-300x200.jpeg 300w, https:\/\/www.colegiolatinocordillera.cl\/w3\/wp-content\/uploads\/2019\/03\/27-768x512.jpeg 768w, https:\/\/www.colegiolatinocordillera.cl\/w3\/wp-content\/uploads\/2019\/03\/27-1024x682.jpeg 1024w, https:\/\/www.colegiolatinocordillera.cl\/w3\/wp-content\/uploads\/2019\/03\/27.jpeg 1280w\" sizes=\"auto, (max-width: 300px) 100vw, 300px\" \/><\/a>\n\t\t\t<\/dt><\/dl><br style=\"clear: both\" \/><dl class='gallery-item'>\n\t\t\t<dt class='gallery-icon landscape'>\n\t\t\t\t<a href='https:\/\/www.colegiolatinocordillera.cl\/w3\/wp-content\/uploads\/2019\/03\/28.jpeg'><img loading=\"lazy\" decoding=\"async\" width=\"300\" height=\"200\" src=\"https:\/\/www.colegiolatinocordillera.cl\/w3\/wp-content\/uploads\/2019\/03\/28-300x200.jpeg\" class=\"attachment-medium size-medium\" alt=\"\" srcset=\"https:\/\/www.colegiolatinocordillera.cl\/w3\/wp-content\/uploads\/2019\/03\/28-300x200.jpeg 300w, https:\/\/www.colegiolatinocordillera.cl\/w3\/wp-content\/uploads\/2019\/03\/28-768x512.jpeg 768w, https:\/\/www.colegiolatinocordillera.cl\/w3\/wp-content\/uploads\/2019\/03\/28-1024x682.jpeg 1024w, https:\/\/www.colegiolatinocordillera.cl\/w3\/wp-content\/uploads\/2019\/03\/28.jpeg 1280w\" sizes=\"auto, (max-width: 300px) 100vw, 300px\" \/><\/a>\n\t\t\t<\/dt><\/dl><dl class='gallery-item'>\n\t\t\t<dt class='gallery-icon landscape'>\n\t\t\t\t<a href='https:\/\/www.colegiolatinocordillera.cl\/w3\/wp-content\/uploads\/2019\/03\/29.jpeg'><img loading=\"lazy\" decoding=\"async\" width=\"300\" height=\"200\" src=\"https:\/\/www.colegiolatinocordillera.cl\/w3\/wp-content\/uploads\/2019\/03\/29-300x200.jpeg\" class=\"attachment-medium size-medium\" alt=\"\" srcset=\"https:\/\/www.colegiolatinocordillera.cl\/w3\/wp-content\/uploads\/2019\/03\/29-300x200.jpeg 300w, https:\/\/www.colegiolatinocordillera.cl\/w3\/wp-content\/uploads\/2019\/03\/29-768x512.jpeg 768w, https:\/\/www.colegiolatinocordillera.cl\/w3\/wp-content\/uploads\/2019\/03\/29-1024x682.jpeg 1024w, https:\/\/www.colegiolatinocordillera.cl\/w3\/wp-content\/uploads\/2019\/03\/29.jpeg 1280w\" sizes=\"auto, (max-width: 300px) 100vw, 300px\" \/><\/a>\n\t\t\t<\/dt><\/dl><dl class='gallery-item'>\n\t\t\t<dt class='gallery-icon landscape'>\n\t\t\t\t<a href='https:\/\/www.colegiolatinocordillera.cl\/w3\/wp-content\/uploads\/2019\/03\/30.jpeg'><img loading=\"lazy\" decoding=\"async\" width=\"300\" height=\"200\" src=\"https:\/\/www.colegiolatinocordillera.cl\/w3\/wp-content\/uploads\/2019\/03\/30-300x200.jpeg\" class=\"attachment-medium size-medium\" alt=\"\" srcset=\"https:\/\/www.colegiolatinocordillera.cl\/w3\/wp-content\/uploads\/2019\/03\/30-300x200.jpeg 300w, https:\/\/www.colegiolatinocordillera.cl\/w3\/wp-content\/uploads\/2019\/03\/30-768x512.jpeg 768w, https:\/\/www.colegiolatinocordillera.cl\/w3\/wp-content\/uploads\/2019\/03\/30-1024x682.jpeg 1024w, https:\/\/www.colegiolatinocordillera.cl\/w3\/wp-content\/uploads\/2019\/03\/30.jpeg 1280w\" sizes=\"auto, (max-width: 300px) 100vw, 300px\" \/><\/a>\n\t\t\t<\/dt><\/dl><br style=\"clear: both\" \/>\n\t\t<\/div>\n\n","protected":false},"excerpt":{"rendered":"<p>Mujeres Latinas en huelga feminista\u270a\ud83d\udc9cMarchan mam\u00e1s, ni\u00f1as y j\u00f3venes estudiantes. Jornada de reflexi\u00f3n y discusi\u00f3n Jaqi.<\/p>\n","protected":false},"author":7,"featured_media":4471,"comment_status":"closed","ping_status":"open","sticky":false,"template":"","format":"gallery","meta":{"footnotes":""},"categories":[16,13],"tags":[],"class_list":["post-4466","post","type-post","status-publish","format-gallery","has-post-thumbnail","hentry","category-actividades","category-archivo","post_format-post-format-gallery"],"_links":{"self":[{"href":"https:\/\/www.colegiolatinocordillera.cl\/w3\/wp-json\/wp\/v2\/posts\/4466","targetHints":{"allow":["GET"]}}],"collection":[{"href":"https:\/\/www.colegiolatinocordillera.cl\/w3\/wp-json\/wp\/v2\/posts"}],"about":[{"href":"https:\/\/www.colegiolatinocordillera.cl\/w3\/wp-json\/wp\/v2\/types\/post"}],"author":[{"embeddable":true,"href":"https:\/\/www.colegiolatinocordillera.cl\/w3\/wp-json\/wp\/v2\/users\/7"}],"replies":[{"embeddable":true,"href":"https:\/\/www.colegiolatinocordillera.cl\/w3\/wp-json\/wp\/v2\/comments?post=4466"}],"version-history":[{"count":8,"href":"https:\/\/www.colegiolatinocordillera.cl\/w3\/wp-json\/wp\/v2\/posts\/4466\/revisions"}],"predecessor-version":[{"id":4505,"href":"https:\/\/www.colegiolatinocordillera.cl\/w3\/wp-json\/wp\/v2\/posts\/4466\/revisions\/4505"}],"wp:featuredmedia":[{"embeddable":true,"href":"https:\/\/www.colegiolatinocordillera.cl\/w3\/wp-json\/wp\/v2\/media\/4471"}],"wp:attachment":[{"href":"https:\/\/www.colegiolatinocordillera.cl\/w3\/wp-json\/wp\/v2\/media?parent=4466"}],"wp:term":[{"taxonomy":"category","embeddable":true,"href":"https:\/\/www.colegiolatinocordillera.cl\/w3\/wp-json\/wp\/v2\/categories?post=4466"},{"taxonomy":"post_tag","embeddable":true,"href":"https:\/\/www.colegiolatinocordillera.cl\/w3\/wp-json\/wp\/v2\/tags?post=4466"}],"curies":[{"name":"wp","href":"https:\/\/api.w.org\/{rel}","templated":true}]}}