{"id":4736,"date":"2019-09-09T13:42:01","date_gmt":"2019-09-09T16:42:01","guid":{"rendered":"https:\/\/www.colegiolatinocordillera.cl\/w3\/?p=4736"},"modified":"2021-01-20T19:21:16","modified_gmt":"2021-01-20T22:21:16","slug":"inmemoriam_11_septiembre_2019","status":"publish","type":"post","link":"https:\/\/www.colegiolatinocordillera.cl\/w3\/2019\/09\/inmemoriam_11_septiembre_2019\/","title":{"rendered":"Inmemoriam: \u00bfQu\u00e9 ocurrir\u00e1 ma\u00f1ana?"},"content":{"rendered":"<p><img loading=\"lazy\" decoding=\"async\" class=\"aligncenter size-full wp-image-4738\" src=\"https:\/\/www.colegiolatinocordillera.cl\/w3\/wp-content\/uploads\/2019\/09\/inmemoriam_11_9.jpg\" alt=\"\" width=\"500\" height=\"700\" srcset=\"https:\/\/www.colegiolatinocordillera.cl\/w3\/wp-content\/uploads\/2019\/09\/inmemoriam_11_9.jpg 500w, https:\/\/www.colegiolatinocordillera.cl\/w3\/wp-content\/uploads\/2019\/09\/inmemoriam_11_9-214x300.jpg 214w\" sizes=\"auto, (max-width: 500px) 100vw, 500px\" \/><\/p>\n<div class=\"espa30px\"><\/div>\n<p><!--more--><\/p>\n<p style=\"text-align: right;\"><em>\u201cAunque no lo veamos, el sol est\u00e1<\/em><em>\u201d<\/em><br \/>\n(Marilina Ross)<\/p>\n<div class=\"espa30px\"><\/div>\n<p style=\"text-align: justify;\"><strong>En memoria de aquellos y aquellas sobrevivientes que, arriesg\u00e1ndose y en silencio, decidieron sostener la vida en medio del terrorismo de Estado y hoy nos entregan su legado mientras se preparan para partir: la solidaridad al otro es el primer continente por conquistar si lo que queremos es cambiar el mundo.<\/strong><\/p>\n<p style=\"text-align: justify;\"><em>\u201cSeguramente, \u00e9sta ser\u00e1 la \u00faltima oportunidad en que pueda dirigirme a ustedes. La Fuerza A\u00e9rea ha bombardeado las antenas de Radio Magallanes. Mis palabras no tienen amargura sino decepci\u00f3n. Que sean ellas un castigo moral para quienes han traicionado su juramento: soldados de Chile&#8230;<\/em><\/p>\n<p style=\"text-align: justify;\"><em>Colocado en un tr\u00e1nsito hist\u00f3rico, pagar\u00e9 con mi vida la lealtad al pueblo. Y les digo que tengo la certeza de que la semilla que hemos entregado a la conciencia digna de miles y miles de chilenos, no podr\u00e1 ser segada definitivamente. Tienen la fuerza, podr\u00e1n avasallarnos, pero no se detienen los procesos sociales ni con el crimen ni con la fuerza. La historia es nuestra y la hacen los pueblos.\u201d<\/em><\/p>\n<p style=\"text-align: justify;\">El pueblo, al que apela Salvador Allende en medio del Palacio de Gobierno en llamas y la traici\u00f3n, supo durante 16 a\u00f1os lo que signific\u00f3 la persecuci\u00f3n, el hostigamiento, la tortura, la desaparici\u00f3n y el exilio. El cuerpo y la sangre individual y social, de lo que ocurri\u00f3 y de lo que perdura, son el testimonio vivo de c\u00f3mo se quiebra un proceso social, c\u00f3mo se derrumban los lazos y las amistades, las familias y las marcas entre generaciones, la vida misma y sus proyectos. La violaci\u00f3n sistem\u00e1ticas a los derechos humanos es a\u00fan un tema pendiente en Chile y en el resto del continente.<\/p>\n<p style=\"text-align: justify;\">Es cierto. Todo eso es cierto. Ya nadie puede decir en nuestro pa\u00eds que en la Dictadura de Pinochet no se tortur\u00f3; que las y los detenidos desaparecidos son un invento; que las mujeres y hombres enloquecidos por el dolor, as\u00ed como las voces de sus hijas, hijos, nietos y nietas son una estrategia de la izquierda. Nadie lo puede negar. \u00a1Fue! \u00a1Est\u00e1 siendo a\u00fan hoy!<\/p>\n<p style=\"text-align: justify;\">Esas experiencias e historias son reales y a\u00fan nos duelen. Son necesarias de conmemorar, de conocer y juzgar: hacer las cosas de otro modo para que nunca m\u00e1s. Verdad, juicio y castigo a los culpables! <strong>Sin embargo, son tan reales y humanas como las historias invisibles y desobedientes que se mantuvieron atentas y amables en las sombras.<\/strong> Apoyaron la lucha contra la dictadura en el movimiento de fuerza por su derrocamiento. La apoyaron, tambi\u00e9n, en la dimensi\u00f3n de dar dignidad a la existencia del otro, del y la vulnerada por la violencia. Miles de manos silenciosas y gestos humanos hicieron mucho en ese sentido. Algo crucial y gravitante de lo cual a\u00fan sabemos muy poco. La dignidad de la solidaridad, de la lealtad, de ser capaces de dar refugio y calma a un extra\u00f1o, de abrir una casa para resguardar a alguien por una semana, de prestar una atenci\u00f3n m\u00e9dica clandestina a un herido, de llevar un papelito con un mensaje al salir de la c\u00e1rcel, de acompa\u00f1ar a otro a buscar a sus seres queridos: a su padre, a su madre, a su hijo, a su hija, a su nieto. Una vieja amiga que escondi\u00f3 a quienes eran perseguidos en su casa durante esos 16 a\u00f1os, sin hacer elogio de sus acciones, tiene en su mirada el recuerdo de esas personas desconocidas que habitaron el seno de su hogar. Sabe que cada una de ellas se llev\u00f3 ese silencio c\u00f3mplice sin preguntas, sin exigencia, excepto una: estamos ac\u00e1.<\/p>\n<p><em>Y t\u00fa \u00bfD\u00f3nde est\u00e1s?<\/em><\/p>\n<div class=\"espa30px\"><\/div>\n<p><strong>Conmemoraci\u00f3n de los 46 a\u00f1os del Golpe Militar en Chile.<\/strong><br \/>\n<strong>Mi\u00e9rcoles 11 de septiembre de 2019. Colegio Latino Cordillera. 19.00 hrs.<\/strong><\/p>\n<div class=\"espa30px\"><\/div>\n<div class=\"espa30px\"><\/div>\n<p style=\"text-align: right;\"><img loading=\"lazy\" decoding=\"async\" class=\"alignnone size-full wp-image-4679\" src=\"https:\/\/www.colegiolatinocordillera.cl\/w3\/wp-content\/uploads\/2019\/04\/comiteMEMORIA.png\" alt=\"\" width=\"115\" height=\"115\" srcset=\"https:\/\/www.colegiolatinocordillera.cl\/w3\/wp-content\/uploads\/2019\/04\/comiteMEMORIA.png 115w, https:\/\/www.colegiolatinocordillera.cl\/w3\/wp-content\/uploads\/2019\/04\/comiteMEMORIA-50x50.png 50w, https:\/\/www.colegiolatinocordillera.cl\/w3\/wp-content\/uploads\/2019\/04\/comiteMEMORIA-100x100.png 100w\" sizes=\"auto, (max-width: 115px) 100vw, 115px\" \/><\/p>\n","protected":false},"excerpt":{"rendered":"\u201cAunque no lo veamos, el sol est\u00e1\u201d (Marilina Ross) En memoria de aquellos y aquellas sobrevivientes que, arriesg\u00e1ndose y en silencio, decidieron sostener la vida en medio del terrorismo de...","protected":false},"author":7,"featured_media":0,"comment_status":"closed","ping_status":"open","sticky":false,"template":"","format":"standard","meta":{"footnotes":""},"categories":[13],"tags":[],"class_list":["post-4736","post","type-post","status-publish","format-standard","hentry","category-archivo"],"_links":{"self":[{"href":"https:\/\/www.colegiolatinocordillera.cl\/w3\/wp-json\/wp\/v2\/posts\/4736","targetHints":{"allow":["GET"]}}],"collection":[{"href":"https:\/\/www.colegiolatinocordillera.cl\/w3\/wp-json\/wp\/v2\/posts"}],"about":[{"href":"https:\/\/www.colegiolatinocordillera.cl\/w3\/wp-json\/wp\/v2\/types\/post"}],"author":[{"embeddable":true,"href":"https:\/\/www.colegiolatinocordillera.cl\/w3\/wp-json\/wp\/v2\/users\/7"}],"replies":[{"embeddable":true,"href":"https:\/\/www.colegiolatinocordillera.cl\/w3\/wp-json\/wp\/v2\/comments?post=4736"}],"version-history":[{"count":4,"href":"https:\/\/www.colegiolatinocordillera.cl\/w3\/wp-json\/wp\/v2\/posts\/4736\/revisions"}],"predecessor-version":[{"id":4742,"href":"https:\/\/www.colegiolatinocordillera.cl\/w3\/wp-json\/wp\/v2\/posts\/4736\/revisions\/4742"}],"wp:attachment":[{"href":"https:\/\/www.colegiolatinocordillera.cl\/w3\/wp-json\/wp\/v2\/media?parent=4736"}],"wp:term":[{"taxonomy":"category","embeddable":true,"href":"https:\/\/www.colegiolatinocordillera.cl\/w3\/wp-json\/wp\/v2\/categories?post=4736"},{"taxonomy":"post_tag","embeddable":true,"href":"https:\/\/www.colegiolatinocordillera.cl\/w3\/wp-json\/wp\/v2\/tags?post=4736"}],"curies":[{"name":"wp","href":"https:\/\/api.w.org\/{rel}","templated":true}]}}