{"id":5023,"date":"2020-06-24T17:01:04","date_gmt":"2020-06-24T21:01:04","guid":{"rendered":"https:\/\/www.colegiolatinocordillera.cl\/w3\/?p=5023"},"modified":"2021-01-20T19:18:48","modified_gmt":"2021-01-20T22:18:48","slug":"we-tripantu-2020","status":"publish","type":"post","link":"https:\/\/www.colegiolatinocordillera.cl\/w3\/2020\/06\/we-tripantu-2020\/","title":{"rendered":"We Tripantu 2020"},"content":{"rendered":"<p>Este 23 de Junio nos reunimos en Asambleas por niveles y celebramos We Tripantu. Profesores y estudiantes\u00a0expresaron sus deseos para este nuevo ciclo.\u00a0Aqu\u00ed recopilamos algunos:<\/p>\n<div><img loading=\"lazy\" decoding=\"async\" class=\"aligncenter wp-image-5027 size-full\" src=\"https:\/\/www.colegiolatinocordillera.cl\/w3\/wp-content\/uploads\/2020\/06\/asamblea-wt.jpg\" alt=\"\" width=\"600\" height=\"347\" srcset=\"https:\/\/www.colegiolatinocordillera.cl\/w3\/wp-content\/uploads\/2020\/06\/asamblea-wt.jpg 600w, https:\/\/www.colegiolatinocordillera.cl\/w3\/wp-content\/uploads\/2020\/06\/asamblea-wt-300x174.jpg 300w\" sizes=\"auto, (max-width: 600px) 100vw, 600px\" \/><\/div>\n<p><!--more--><\/p>\n<div><strong> Asamblea de quintos y sextos<\/strong><\/div>\n<ul>\n<li>Que crezca mi huerta,que el zapallo tenga un buen color naranjo, el pepino tenga muchas semillas para poder plantar m\u00e1s, el lim\u00f3n que tenga buen sabor para ali\u00f1ar la ensalada y el piment\u00f3n que por favor sea grandecito.<\/li>\n<li>Mi deseo es que de la pandemia salgamos todas bien y sanas para abrazarnos y vernos en persona.<\/li>\n<li>Mi deseo es que los ciudadanos y las ciudadanas de todas las edades comprendan que es necesario quedarse en casa para cuidar a todos y todas.<\/li>\n<\/ul>\n<div><\/div>\n<div><img loading=\"lazy\" decoding=\"async\" class=\"aligncenter wp-image-5028 size-full\" src=\"https:\/\/www.colegiolatinocordillera.cl\/w3\/wp-content\/uploads\/2020\/06\/asamblea.jpg\" alt=\"\" width=\"814\" height=\"372\" srcset=\"https:\/\/www.colegiolatinocordillera.cl\/w3\/wp-content\/uploads\/2020\/06\/asamblea.jpg 814w, https:\/\/www.colegiolatinocordillera.cl\/w3\/wp-content\/uploads\/2020\/06\/asamblea-300x137.jpg 300w, https:\/\/www.colegiolatinocordillera.cl\/w3\/wp-content\/uploads\/2020\/06\/asamblea-768x351.jpg 768w\" sizes=\"auto, (max-width: 814px) 100vw, 814px\" \/><\/div>\n<div><strong>Kinder, primeros y segundos<\/strong><\/div>\n<div><\/div>\n<ul>\n<li>Gracias a todas y todos. Feliz Wetripantu en kinder, primero y segundo. (\u00a1\u00c9ramos 104!)<\/li>\n<li>Deseos: que podamos enfrentar estos tiempos con aprendizajes significativos, que pasen cosas buenas para todos, que se sane la tierra y nosotros y que queramos a todas las personas no importa de donde vengan.<\/li>\n<\/ul>\n","protected":false},"excerpt":{"rendered":"<p>Este 23 de Junio nos reunimos en Asambleas por niveles y celebramos We Tripantu. Profesores y estudiantes\u00a0expresaron sus deseos para este nuevo ciclo.\u00a0Aqu\u00ed recopilamos algunos:<\/p>\n","protected":false},"author":7,"featured_media":0,"comment_status":"closed","ping_status":"open","sticky":false,"template":"","format":"video","meta":{"footnotes":""},"categories":[16],"tags":[],"class_list":["post-5023","post","type-post","status-publish","format-video","hentry","category-actividades","post_format-post-format-video"],"_links":{"self":[{"href":"https:\/\/www.colegiolatinocordillera.cl\/w3\/wp-json\/wp\/v2\/posts\/5023","targetHints":{"allow":["GET"]}}],"collection":[{"href":"https:\/\/www.colegiolatinocordillera.cl\/w3\/wp-json\/wp\/v2\/posts"}],"about":[{"href":"https:\/\/www.colegiolatinocordillera.cl\/w3\/wp-json\/wp\/v2\/types\/post"}],"author":[{"embeddable":true,"href":"https:\/\/www.colegiolatinocordillera.cl\/w3\/wp-json\/wp\/v2\/users\/7"}],"replies":[{"embeddable":true,"href":"https:\/\/www.colegiolatinocordillera.cl\/w3\/wp-json\/wp\/v2\/comments?post=5023"}],"version-history":[{"count":4,"href":"https:\/\/www.colegiolatinocordillera.cl\/w3\/wp-json\/wp\/v2\/posts\/5023\/revisions"}],"predecessor-version":[{"id":5030,"href":"https:\/\/www.colegiolatinocordillera.cl\/w3\/wp-json\/wp\/v2\/posts\/5023\/revisions\/5030"}],"wp:attachment":[{"href":"https:\/\/www.colegiolatinocordillera.cl\/w3\/wp-json\/wp\/v2\/media?parent=5023"}],"wp:term":[{"taxonomy":"category","embeddable":true,"href":"https:\/\/www.colegiolatinocordillera.cl\/w3\/wp-json\/wp\/v2\/categories?post=5023"},{"taxonomy":"post_tag","embeddable":true,"href":"https:\/\/www.colegiolatinocordillera.cl\/w3\/wp-json\/wp\/v2\/tags?post=5023"}],"curies":[{"name":"wp","href":"https:\/\/api.w.org\/{rel}","templated":true}]}}